{"id":27095,"date":"2022-10-04T11:45:45","date_gmt":"2022-10-04T11:45:45","guid":{"rendered":"https:\/\/blogdorogeriogomes.com.br\/?p=27095"},"modified":"2022-10-04T11:45:46","modified_gmt":"2022-10-04T11:45:46","slug":"capitao-wagner-deixa-neutralidade-de-lado-e-assume-que-vai-de-bolsonaro-no-2-turno","status":"publish","type":"post","link":"https:\/\/blogdorogeriogomes.com.br\/noticias\/2022\/10\/capitao-wagner-deixa-neutralidade-de-lado-e-assume-que-vai-de-bolsonaro-no-2-turno\/","title":{"rendered":"Capit\u00e3o Wagner deixa neutralidade de lado e assume que vai de Bolsonaro no 2\u00b0 turno"},"content":{"rendered":"\n<p>Depois de passar toda a campanha do 1\u00b0 turno tentando demonstrar uma neutralidade em rela\u00e7\u00e3o \u00e0 disputa presidenciavel, Capit\u00e3o Wagner (Uni\u00e3o Brasil) anunciou que vai apoiar Jair Bolsonaro (PL) no 2\u00b0 turno da disputa contra Lula (PT). Wagner foi derrotado na corrida estadual para Elmano de Freitas (PT), eleito em 1\u00b0 turno no Cear\u00e1.<\/p>\n\n\n\n<p>Capit\u00e3o Wagner disse que foi procurado pelo senador Fl\u00e1vio Bolsonaro (PL-RJ), filho do presidente, e pelo Ministro da Casa Civil, Ciro Nogueira, para turbinar a campanha de Bolsonaro no Cear\u00e1 no 2\u00b0 turno.<\/p>\n\n\n\n<p>Em live nesta segunda-feira \u00e0 noite, dia 3 de outubro, Wagner afirmou que o Governo Bolsonaro teve importante participa\u00e7\u00e3o durante a pandemia da Covid-19, apesar de quase 700 mil mortes no Pa\u00eds e do incentivo do presidente \u00e0s aglomera\u00e7\u00f5es. &#8220;O Brasil foi socorrido pelo Governo Federal&#8221; , destacou o candidato derrotado do Uni\u00e3o Brasil no Cear\u00e1.<br><\/p>\n\n\n\n<figure class=\"wp-block-image size-full\"><img loading=\"lazy\" decoding=\"async\" width=\"678\" height=\"452\" src=\"https:\/\/blogdorogeriogomes.com.br\/wp-content\/uploads\/2022\/10\/images-28.jpeg\" alt=\"\" class=\"wp-image-27096\" srcset=\"https:\/\/blogdorogeriogomes.com.br\/noticias\/wp-content\/uploads\/2022\/10\/images-28.jpeg 678w, https:\/\/blogdorogeriogomes.com.br\/noticias\/wp-content\/uploads\/2022\/10\/images-28-300x200.jpeg 300w\" sizes=\"auto, (max-width: 678px) 100vw, 678px\" \/><\/figure>\n","protected":false},"excerpt":{"rendered":"<p>Depois de passar toda a campanha do 1\u00b0 turno tentando demonstrar uma neutralidade em rela\u00e7\u00e3o \u00e0 disputa presidenciavel, Capit\u00e3o Wagner (Uni\u00e3o Brasil) anunciou que vai apoiar Jair Bolsonaro (PL) no 2\u00b0 turno da disputa contra Lula (PT). Wagner foi derrotado na corrida estadual para Elmano de Freitas (PT), eleito em 1\u00b0 turno no Cear\u00e1. Capit\u00e3o Wagner disse que foi procurado pelo senador Fl\u00e1vio Bolsonaro (PL-RJ), filho do presidente, e pelo Ministro da Casa Civil, Ciro Nogueira, para turbinar a&hellip;<\/p>\n","protected":false},"author":1,"featured_media":0,"comment_status":"open","ping_status":"open","sticky":false,"template":"","format":"standard","meta":{"footnotes":""},"categories":[1],"tags":[],"class_list":["post-27095","post","type-post","status-publish","format-standard","hentry","category-noticias"],"_links":{"self":[{"href":"https:\/\/blogdorogeriogomes.com.br\/noticias\/wp-json\/wp\/v2\/posts\/27095","targetHints":{"allow":["GET"]}}],"collection":[{"href":"https:\/\/blogdorogeriogomes.com.br\/noticias\/wp-json\/wp\/v2\/posts"}],"about":[{"href":"https:\/\/blogdorogeriogomes.com.br\/noticias\/wp-json\/wp\/v2\/types\/post"}],"author":[{"embeddable":true,"href":"https:\/\/blogdorogeriogomes.com.br\/noticias\/wp-json\/wp\/v2\/users\/1"}],"replies":[{"embeddable":true,"href":"https:\/\/blogdorogeriogomes.com.br\/noticias\/wp-json\/wp\/v2\/comments?post=27095"}],"version-history":[{"count":1,"href":"https:\/\/blogdorogeriogomes.com.br\/noticias\/wp-json\/wp\/v2\/posts\/27095\/revisions"}],"predecessor-version":[{"id":27097,"href":"https:\/\/blogdorogeriogomes.com.br\/noticias\/wp-json\/wp\/v2\/posts\/27095\/revisions\/27097"}],"wp:attachment":[{"href":"https:\/\/blogdorogeriogomes.com.br\/noticias\/wp-json\/wp\/v2\/media?parent=27095"}],"wp:term":[{"taxonomy":"category","embeddable":true,"href":"https:\/\/blogdorogeriogomes.com.br\/noticias\/wp-json\/wp\/v2\/categories?post=27095"},{"taxonomy":"post_tag","embeddable":true,"href":"https:\/\/blogdorogeriogomes.com.br\/noticias\/wp-json\/wp\/v2\/tags?post=27095"}],"curies":[{"name":"wp","href":"https:\/\/api.w.org\/{rel}","templated":true}]}}