{"id":27101,"date":"2022-10-04T13:07:50","date_gmt":"2022-10-04T13:07:50","guid":{"rendered":"https:\/\/blogdorogeriogomes.com.br\/?p=27101"},"modified":"2022-10-05T11:20:00","modified_gmt":"2022-10-05T11:20:00","slug":"apos-vitoria-em-1-turno-elmano-e-camilo-acenam-retomada-de-dialogo-com-o-pdt-para-futuro-governo","status":"publish","type":"post","link":"https:\/\/blogdorogeriogomes.com.br\/noticias\/2022\/10\/apos-vitoria-em-1-turno-elmano-e-camilo-acenam-retomada-de-dialogo-com-o-pdt-para-futuro-governo\/","title":{"rendered":"Ap\u00f3s vit\u00f3ria em 1\u00b0 turno, Elmano e Camilo acenam retomada de di\u00e1logo com o PDT para futuro governo"},"content":{"rendered":"\n<p>Um dia ap\u00f3s a vit\u00f3ria em 1\u00b0 turno para o Governo do Cear\u00e1, o futuro governador Elmano de Freitas (PT) e o senador eleito Camilo Santana (PT) acenam com uma retomada de di\u00e1logo com o PDT de Roberto Cl\u00e1udio para a futura gest\u00e3o \u00e0 frente do Pal\u00e1cio da Aboli\u00e7\u00e3o, que come\u00e7a em janeiro de 2023. <\/p>\n\n\n\n<p>&#8220;N\u00e3o tenho nenhuma d\u00favida sobre os candidatos do PDT, pelo projeto que n\u00f3s apresentamos no Cear\u00e1. \u00c9 uma quest\u00e3o de coer\u00eancia at\u00e9. N\u00f3s constru\u00edmos um projeto quando o nosso governador Camilo estava \u00e0 frente do estado e n\u00f3s temos muita compreens\u00e3o comum. O avan\u00e7o da educa\u00e7\u00e3o em tempo integral, o avan\u00e7o da interioriza\u00e7\u00e3o da sa\u00fade, das a\u00e7\u00f5es para gerar emprego no Cear\u00e1&#8230; Eu tenho absoluta convic\u00e7\u00e3o de que isso se consolidar\u00e1 com a maioria na assembleia porque sei do compromisso que esses parlamentares tem com esse projeto com o desenvolvimento do Cear\u00e1&#8221;, afirmou o petista. O PDT foi o partido que mais elegeu deputados estaduais no Cear\u00e1, com 13 nomes para a Assembleia Legislativa. J\u00e1 o PT elegeu oito parlamentares.<\/p>\n\n\n\n<p>Para o senador eleito Camilo Santana, o momento \u00e9 de mobiliza\u00e7\u00e3o para eleger Lula como novo presidente do Brasil em 2\u00b0 turno. Para ele, \u00e9 hora de deixar o atrito pol\u00edtico entre PT e PDT no Cear\u00e1 para tr\u00e1s. &#8220;A ideia \u00e9 poder construir e consolidar (o di\u00e1logo). O que houve para tr\u00e1s, a popula\u00e7\u00e3o deu resposta nas urnas. A gente continua tendo humildade, construir com di\u00e1logo e respeito \u00e0 popula\u00e7\u00e3o&#8230;nosso slogan era &#8216;Cear\u00e1 tr\u00eas vezes mais forte&#8217;. A elei\u00e7\u00e3o do Lula ser\u00e1 muito importante para o Brasil e para o Cear\u00e1&#8221;, afirmou Camilo.<\/p>\n\n\n\n<figure class=\"wp-block-image size-large\"><img loading=\"lazy\" decoding=\"async\" width=\"1024\" height=\"683\" src=\"https:\/\/blogdorogeriogomes.com.br\/wp-content\/uploads\/2022\/10\/JW06155-1024x683.jpg\" alt=\"\" class=\"wp-image-27102\" srcset=\"https:\/\/blogdorogeriogomes.com.br\/noticias\/wp-content\/uploads\/2022\/10\/JW06155-1024x683.jpg 1024w, https:\/\/blogdorogeriogomes.com.br\/noticias\/wp-content\/uploads\/2022\/10\/JW06155-300x200.jpg 300w, https:\/\/blogdorogeriogomes.com.br\/noticias\/wp-content\/uploads\/2022\/10\/JW06155-768x512.jpg 768w, https:\/\/blogdorogeriogomes.com.br\/noticias\/wp-content\/uploads\/2022\/10\/JW06155-1536x1024.jpg 1536w, https:\/\/blogdorogeriogomes.com.br\/noticias\/wp-content\/uploads\/2022\/10\/JW06155-800x533.jpg 800w, https:\/\/blogdorogeriogomes.com.br\/noticias\/wp-content\/uploads\/2022\/10\/JW06155.jpg 1920w\" sizes=\"auto, (max-width: 1024px) 100vw, 1024px\" \/><\/figure>\n","protected":false},"excerpt":{"rendered":"<p>Um dia ap\u00f3s a vit\u00f3ria em 1\u00b0 turno para o Governo do Cear\u00e1, o futuro governador Elmano de Freitas (PT) e o senador eleito Camilo Santana (PT) acenam com uma retomada de di\u00e1logo com o PDT de Roberto Cl\u00e1udio para a futura gest\u00e3o \u00e0 frente do Pal\u00e1cio da Aboli\u00e7\u00e3o, que come\u00e7a em janeiro de 2023. &#8220;N\u00e3o tenho nenhuma d\u00favida sobre os candidatos do PDT, pelo projeto que n\u00f3s apresentamos no Cear\u00e1. \u00c9 uma quest\u00e3o de coer\u00eancia at\u00e9. N\u00f3s constru\u00edmos&hellip;<\/p>\n","protected":false},"author":1,"featured_media":27102,"comment_status":"open","ping_status":"open","sticky":false,"template":"","format":"standard","meta":{"footnotes":""},"categories":[1],"tags":[],"class_list":["post-27101","post","type-post","status-publish","format-standard","has-post-thumbnail","hentry","category-noticias"],"_links":{"self":[{"href":"https:\/\/blogdorogeriogomes.com.br\/noticias\/wp-json\/wp\/v2\/posts\/27101","targetHints":{"allow":["GET"]}}],"collection":[{"href":"https:\/\/blogdorogeriogomes.com.br\/noticias\/wp-json\/wp\/v2\/posts"}],"about":[{"href":"https:\/\/blogdorogeriogomes.com.br\/noticias\/wp-json\/wp\/v2\/types\/post"}],"author":[{"embeddable":true,"href":"https:\/\/blogdorogeriogomes.com.br\/noticias\/wp-json\/wp\/v2\/users\/1"}],"replies":[{"embeddable":true,"href":"https:\/\/blogdorogeriogomes.com.br\/noticias\/wp-json\/wp\/v2\/comments?post=27101"}],"version-history":[{"count":1,"href":"https:\/\/blogdorogeriogomes.com.br\/noticias\/wp-json\/wp\/v2\/posts\/27101\/revisions"}],"predecessor-version":[{"id":27103,"href":"https:\/\/blogdorogeriogomes.com.br\/noticias\/wp-json\/wp\/v2\/posts\/27101\/revisions\/27103"}],"wp:featuredmedia":[{"embeddable":true,"href":"https:\/\/blogdorogeriogomes.com.br\/noticias\/wp-json\/wp\/v2\/media\/27102"}],"wp:attachment":[{"href":"https:\/\/blogdorogeriogomes.com.br\/noticias\/wp-json\/wp\/v2\/media?parent=27101"}],"wp:term":[{"taxonomy":"category","embeddable":true,"href":"https:\/\/blogdorogeriogomes.com.br\/noticias\/wp-json\/wp\/v2\/categories?post=27101"},{"taxonomy":"post_tag","embeddable":true,"href":"https:\/\/blogdorogeriogomes.com.br\/noticias\/wp-json\/wp\/v2\/tags?post=27101"}],"curies":[{"name":"wp","href":"https:\/\/api.w.org\/{rel}","templated":true}]}}