{"id":27108,"date":"2022-10-05T00:13:01","date_gmt":"2022-10-05T00:13:01","guid":{"rendered":"https:\/\/blogdorogeriogomes.com.br\/?p=27108"},"modified":"2022-10-05T11:19:28","modified_gmt":"2022-10-05T11:19:28","slug":"izolda-cela-recebe-elmano-camilo-e-jade-para-tratar-da-transicao-de-governo","status":"publish","type":"post","link":"https:\/\/blogdorogeriogomes.com.br\/noticias\/2022\/10\/izolda-cela-recebe-elmano-camilo-e-jade-para-tratar-da-transicao-de-governo\/","title":{"rendered":"Izolda Cela recebe Elmano, Camilo e Jade para tratar da transi\u00e7\u00e3o de governo"},"content":{"rendered":"\n<p>A governadora do Cear\u00e1, Izolda Cela, recebeu nesta ter\u00e7a-feira, dia 4 de outubro, o governador eleito Elmano de Freitas, o senador eleito Camilo Santana e a vice eleita Jade Romero, no Pal\u00e1cio da Aboli\u00e7\u00e3o. O assunto foi o in\u00edcio do processo de transi\u00e7\u00e3o do governo. &#8220;Conversamos sobre as a\u00e7\u00f5es para o crescimento e desenvolvimento do nosso Estado. Tenho convic\u00e7\u00e3o de que Elmano e Jade far\u00e3o grande trabalho no Governo, assim como Camilo no Senado Federal&#8221;, disse Izolda Cela.<\/p>\n\n\n\n<p>At\u00e9 dezembro, Elmano de Freitas pretende definir o secretariado estadual. Fernanda Pacobahyba, titular da Secretaria da Fazenda do Cear\u00e1 (Sefaz), deve ser convidada a permanecer no cargo.<\/p>\n\n\n\n<p>Nesta quarta-feira, dia 5, Elmano e Camilo devem ir a S\u00e3o Paulo para uma reuni\u00e3o com a coordena\u00e7\u00e3o geral da campanha de Lula. Os dois devem liderar a campanha do petista no 2\u00b0 turno no Cear\u00e1. <\/p>\n\n\n\n<figure class=\"wp-block-image size-full\"><img loading=\"lazy\" decoding=\"async\" width=\"818\" height=\"459\" src=\"https:\/\/blogdorogeriogomes.com.br\/wp-content\/uploads\/2022\/10\/1_reuniao_izolda__camilo_e_elmano-19875998.png\" alt=\"\" class=\"wp-image-27109\" srcset=\"https:\/\/blogdorogeriogomes.com.br\/noticias\/wp-content\/uploads\/2022\/10\/1_reuniao_izolda__camilo_e_elmano-19875998.png 818w, https:\/\/blogdorogeriogomes.com.br\/noticias\/wp-content\/uploads\/2022\/10\/1_reuniao_izolda__camilo_e_elmano-19875998-300x168.png 300w, https:\/\/blogdorogeriogomes.com.br\/noticias\/wp-content\/uploads\/2022\/10\/1_reuniao_izolda__camilo_e_elmano-19875998-768x431.png 768w, https:\/\/blogdorogeriogomes.com.br\/noticias\/wp-content\/uploads\/2022\/10\/1_reuniao_izolda__camilo_e_elmano-19875998-800x449.png 800w\" sizes=\"auto, (max-width: 818px) 100vw, 818px\" \/><\/figure>\n","protected":false},"excerpt":{"rendered":"<p>A governadora do Cear\u00e1, Izolda Cela, recebeu nesta ter\u00e7a-feira, dia 4 de outubro, o governador eleito Elmano de Freitas, o senador eleito Camilo Santana e a vice eleita Jade Romero, no Pal\u00e1cio da Aboli\u00e7\u00e3o. O assunto foi o in\u00edcio do processo de transi\u00e7\u00e3o do governo. &#8220;Conversamos sobre as a\u00e7\u00f5es para o crescimento e desenvolvimento do nosso Estado. Tenho convic\u00e7\u00e3o de que Elmano e Jade far\u00e3o grande trabalho no Governo, assim como Camilo no Senado Federal&#8221;, disse Izolda Cela. At\u00e9&hellip;<\/p>\n","protected":false},"author":1,"featured_media":27109,"comment_status":"open","ping_status":"open","sticky":false,"template":"","format":"standard","meta":{"footnotes":""},"categories":[1],"tags":[],"class_list":["post-27108","post","type-post","status-publish","format-standard","has-post-thumbnail","hentry","category-noticias"],"_links":{"self":[{"href":"https:\/\/blogdorogeriogomes.com.br\/noticias\/wp-json\/wp\/v2\/posts\/27108","targetHints":{"allow":["GET"]}}],"collection":[{"href":"https:\/\/blogdorogeriogomes.com.br\/noticias\/wp-json\/wp\/v2\/posts"}],"about":[{"href":"https:\/\/blogdorogeriogomes.com.br\/noticias\/wp-json\/wp\/v2\/types\/post"}],"author":[{"embeddable":true,"href":"https:\/\/blogdorogeriogomes.com.br\/noticias\/wp-json\/wp\/v2\/users\/1"}],"replies":[{"embeddable":true,"href":"https:\/\/blogdorogeriogomes.com.br\/noticias\/wp-json\/wp\/v2\/comments?post=27108"}],"version-history":[{"count":1,"href":"https:\/\/blogdorogeriogomes.com.br\/noticias\/wp-json\/wp\/v2\/posts\/27108\/revisions"}],"predecessor-version":[{"id":27110,"href":"https:\/\/blogdorogeriogomes.com.br\/noticias\/wp-json\/wp\/v2\/posts\/27108\/revisions\/27110"}],"wp:featuredmedia":[{"embeddable":true,"href":"https:\/\/blogdorogeriogomes.com.br\/noticias\/wp-json\/wp\/v2\/media\/27109"}],"wp:attachment":[{"href":"https:\/\/blogdorogeriogomes.com.br\/noticias\/wp-json\/wp\/v2\/media?parent=27108"}],"wp:term":[{"taxonomy":"category","embeddable":true,"href":"https:\/\/blogdorogeriogomes.com.br\/noticias\/wp-json\/wp\/v2\/categories?post=27108"},{"taxonomy":"post_tag","embeddable":true,"href":"https:\/\/blogdorogeriogomes.com.br\/noticias\/wp-json\/wp\/v2\/tags?post=27108"}],"curies":[{"name":"wp","href":"https:\/\/api.w.org\/{rel}","templated":true}]}}