{"id":27111,"date":"2022-10-05T11:17:56","date_gmt":"2022-10-05T11:17:56","guid":{"rendered":"https:\/\/blogdorogeriogomes.com.br\/?p=27111"},"modified":"2022-10-05T11:19:17","modified_gmt":"2022-10-05T11:19:17","slug":"quatro-vereadores-de-fortaleza-se-elegem-deputados-suplentes-assumirao-vagas-na-camara-municipal","status":"publish","type":"post","link":"https:\/\/blogdorogeriogomes.com.br\/noticias\/2022\/10\/quatro-vereadores-de-fortaleza-se-elegem-deputados-suplentes-assumirao-vagas-na-camara-municipal\/","title":{"rendered":"Quatro vereadores de Fortaleza se elegem deputados. Suplentes assumir\u00e3o vagas na C\u00e2mara Municipal"},"content":{"rendered":"\n<p>As elei\u00e7\u00f5es no 1\u00b0 turno v\u00e3o modificar a composi\u00e7\u00e3o na C\u00e2mara Municipal de Fortaleza. Quatro vereadores foram eleitos para a Assembleia Legislativa do Cear\u00e1 no domingo, dia 2 de outubro: Carmelo Neto (PL), Ant\u00f4nio Henrique (PDT), Larissa Gaspar (PT) e Sargento Reginauro (Uni\u00e3o). A partir de fevereiro de 2023, eles assumem como deputados estaduais.<\/p>\n\n\n\n<p>Quem assumir\u00e1 as vagas na C\u00e2mara Municipal de Fortaleza s\u00e3o Ver\u00edssimo Freitas (Republicanos), Carlos Mesquita (PDT), Dr. Vicente (PT) e Pedro Matos (PL).<\/p>\n\n\n\n<figure class=\"wp-block-image size-full\"><img loading=\"lazy\" decoding=\"async\" width=\"400\" height=\"225\" src=\"https:\/\/blogdorogeriogomes.com.br\/wp-content\/uploads\/2022\/10\/Design-sem-nome.webp\" alt=\"\" class=\"wp-image-27112\" srcset=\"https:\/\/blogdorogeriogomes.com.br\/noticias\/wp-content\/uploads\/2022\/10\/Design-sem-nome.webp 400w, https:\/\/blogdorogeriogomes.com.br\/noticias\/wp-content\/uploads\/2022\/10\/Design-sem-nome-300x169.webp 300w\" sizes=\"auto, (max-width: 400px) 100vw, 400px\" \/><\/figure>\n","protected":false},"excerpt":{"rendered":"<p>As elei\u00e7\u00f5es no 1\u00b0 turno v\u00e3o modificar a composi\u00e7\u00e3o na C\u00e2mara Municipal de Fortaleza. Quatro vereadores foram eleitos para a Assembleia Legislativa do Cear\u00e1 no domingo, dia 2 de outubro: Carmelo Neto (PL), Ant\u00f4nio Henrique (PDT), Larissa Gaspar (PT) e Sargento Reginauro (Uni\u00e3o). A partir de fevereiro de 2023, eles assumem como deputados estaduais. Quem assumir\u00e1 as vagas na C\u00e2mara Municipal de Fortaleza s\u00e3o Ver\u00edssimo Freitas (Republicanos), Carlos Mesquita (PDT), Dr. Vicente (PT) e Pedro Matos (PL).<\/p>\n","protected":false},"author":1,"featured_media":27112,"comment_status":"open","ping_status":"open","sticky":false,"template":"","format":"standard","meta":{"footnotes":""},"categories":[1],"tags":[],"class_list":["post-27111","post","type-post","status-publish","format-standard","has-post-thumbnail","hentry","category-noticias"],"_links":{"self":[{"href":"https:\/\/blogdorogeriogomes.com.br\/noticias\/wp-json\/wp\/v2\/posts\/27111","targetHints":{"allow":["GET"]}}],"collection":[{"href":"https:\/\/blogdorogeriogomes.com.br\/noticias\/wp-json\/wp\/v2\/posts"}],"about":[{"href":"https:\/\/blogdorogeriogomes.com.br\/noticias\/wp-json\/wp\/v2\/types\/post"}],"author":[{"embeddable":true,"href":"https:\/\/blogdorogeriogomes.com.br\/noticias\/wp-json\/wp\/v2\/users\/1"}],"replies":[{"embeddable":true,"href":"https:\/\/blogdorogeriogomes.com.br\/noticias\/wp-json\/wp\/v2\/comments?post=27111"}],"version-history":[{"count":1,"href":"https:\/\/blogdorogeriogomes.com.br\/noticias\/wp-json\/wp\/v2\/posts\/27111\/revisions"}],"predecessor-version":[{"id":27113,"href":"https:\/\/blogdorogeriogomes.com.br\/noticias\/wp-json\/wp\/v2\/posts\/27111\/revisions\/27113"}],"wp:featuredmedia":[{"embeddable":true,"href":"https:\/\/blogdorogeriogomes.com.br\/noticias\/wp-json\/wp\/v2\/media\/27112"}],"wp:attachment":[{"href":"https:\/\/blogdorogeriogomes.com.br\/noticias\/wp-json\/wp\/v2\/media?parent=27111"}],"wp:term":[{"taxonomy":"category","embeddable":true,"href":"https:\/\/blogdorogeriogomes.com.br\/noticias\/wp-json\/wp\/v2\/categories?post=27111"},{"taxonomy":"post_tag","embeddable":true,"href":"https:\/\/blogdorogeriogomes.com.br\/noticias\/wp-json\/wp\/v2\/tags?post=27111"}],"curies":[{"name":"wp","href":"https:\/\/api.w.org\/{rel}","templated":true}]}}