{"id":27119,"date":"2022-10-05T12:00:52","date_gmt":"2022-10-05T12:00:52","guid":{"rendered":"https:\/\/blogdorogeriogomes.com.br\/?p=27119"},"modified":"2022-10-05T12:45:14","modified_gmt":"2022-10-05T12:45:14","slug":"cumbuco-e-a-unica-praia-do-ceara-a-receber-a-certificacao-bandeira-azul","status":"publish","type":"post","link":"https:\/\/blogdorogeriogomes.com.br\/noticias\/2022\/10\/cumbuco-e-a-unica-praia-do-ceara-a-receber-a-certificacao-bandeira-azul\/","title":{"rendered":"Cumbuco \u00e9 a \u00fanica praia do Cear\u00e1 a receber a certifica\u00e7\u00e3o Bandeira Azul"},"content":{"rendered":"\n<p>A praia do Cumbuco, em Caucaia, recebeu, de forma in\u00e9dita, a certifica\u00e7\u00e3o Bandeira Azul, chancela ecol\u00f3gica concedida \u00e0s praias, marinas e embarca\u00e7\u00f5es de turismo com gest\u00e3o ambiental adequada por normas internacionais. Nesta segunda-feira, dia 3 de outubro, atrav\u00e9s do site oficial do Bandeira Azul, a praia foi anunciada oficialmente, sendo a \u00fanica do Cear\u00e1 a ganhar a certifica\u00e7\u00e3o.<\/p>\n\n\n\n<p>A not\u00edcia foi recebida com entusiasmo, sobretudo pela Secretaria de Turismo e Cultura (SETCULT) e o Instituto do Meio Ambiente de Caucaia (IMAC), que integram o Comit\u00ea para coopera\u00e7\u00e3o t\u00e9cnica e administrativa para a aquisi\u00e7\u00e3o do certificado. Para a titular da pasta do Turismo em Caucaia, Yrwana Albuquerque, a chancela reconhece esfor\u00e7os feitos tanto no desenvolvimento do turismo local quanto na gest\u00e3o ambientalmente sustent\u00e1vel que a prefeitura vem fazendo: \u201cCostumo sempre dizer que turismo e meio ambiente devem andar juntos, e esse pr\u00eamio vem para comprovar que estamos no caminho certo unindo esses dois prop\u00f3sitos\u201d, afirma.<\/p>\n\n\n\n<p>J\u00e1 Leandro Alves, presidente do IMAC, revela os aspectos t\u00e9cnicos desenvolvidos pela gest\u00e3o a fim de garantir a seguran\u00e7a ecol\u00f3gica do litoral. \u201cN\u00f3s executamos o maior diagn\u00f3stico at\u00e9 hoje apresentado ao Bandeira Azul no Brasil. Foram tr\u00eas pontos de an\u00e1lise em toda a extens\u00e3o do litoral do Cumbuco, mais de 280 amostras, atestando excelente qualidade de \u00e1gua\u201d, revela. Ainda de acordo com o \u00f3rg\u00e3o, a pol\u00edtica de educa\u00e7\u00e3o ambiental permanente com escolas e comunidade em toda a orla, o monitoramento de ninhos de tartarugas, o estabelecimento de coleta domiciliar, entre outras a\u00e7\u00f5es da gest\u00e3o municipal garantiram o sucesso na obten\u00e7\u00e3o da certifica\u00e7\u00e3o. \u201cIsso torna a praia do Cumbuco a primeira do Cear\u00e1, e tamb\u00e9m a maior em extens\u00e3o certificada pelo Bandeira Azul, com um total de 4 quil\u00f4metros\u201d, finaliza.<\/p>\n\n\n\n<p>Agora, o comit\u00ea ir\u00e1 implementar mais uma s\u00e9rie de a\u00e7\u00f5es como objetivo de manter a certifica\u00e7\u00e3o, tais como a instala\u00e7\u00e3o de lixeiras, postos de salva-vidas, mapeamento de banheiros com acessibilidade, placas informativas com a logo do Bandeira Azul, entre outras iniciativas. A cerim\u00f4nia de certifica\u00e7\u00e3o acontece em novembro.<\/p>\n\n\n\n<p>O selo Bandeira Azul \u00e9 um pr\u00eamio ecol\u00f3gico, volunt\u00e1rio, concedido \u00e0s praias, marinas e embarca\u00e7\u00f5es de turismo. Para se qualificar, o munic\u00edpio deve atingir uma s\u00e9rie de crit\u00e9rios com foco em gest\u00e3o ambiental, qualidade da \u00e1gua, educa\u00e7\u00e3o ambiental, seguran\u00e7a, servi\u00e7os, turismo sustent\u00e1vel e responsabilidade social, que devem ser mantidos e comprovados anualmente.<\/p>\n\n\n\n<figure class=\"wp-block-image size-large\"><img loading=\"lazy\" decoding=\"async\" width=\"1024\" height=\"682\" src=\"https:\/\/blogdorogeriogomes.com.br\/wp-content\/uploads\/2022\/10\/IMG-20221004-WA0123-1024x682.jpg\" alt=\"\" class=\"wp-image-27120\" srcset=\"https:\/\/blogdorogeriogomes.com.br\/noticias\/wp-content\/uploads\/2022\/10\/IMG-20221004-WA0123-1024x682.jpg 1024w, https:\/\/blogdorogeriogomes.com.br\/noticias\/wp-content\/uploads\/2022\/10\/IMG-20221004-WA0123-300x200.jpg 300w, https:\/\/blogdorogeriogomes.com.br\/noticias\/wp-content\/uploads\/2022\/10\/IMG-20221004-WA0123-768x512.jpg 768w, https:\/\/blogdorogeriogomes.com.br\/noticias\/wp-content\/uploads\/2022\/10\/IMG-20221004-WA0123-1536x1023.jpg 1536w, https:\/\/blogdorogeriogomes.com.br\/noticias\/wp-content\/uploads\/2022\/10\/IMG-20221004-WA0123-800x533.jpg 800w, https:\/\/blogdorogeriogomes.com.br\/noticias\/wp-content\/uploads\/2022\/10\/IMG-20221004-WA0123.jpg 1600w\" sizes=\"auto, (max-width: 1024px) 100vw, 1024px\" \/><\/figure>\n","protected":false},"excerpt":{"rendered":"<p>A praia do Cumbuco, em Caucaia, recebeu, de forma in\u00e9dita, a certifica\u00e7\u00e3o Bandeira Azul, chancela ecol\u00f3gica concedida \u00e0s praias, marinas e embarca\u00e7\u00f5es de turismo com gest\u00e3o ambiental adequada por normas internacionais. Nesta segunda-feira, dia 3 de outubro, atrav\u00e9s do site oficial do Bandeira Azul, a praia foi anunciada oficialmente, sendo a \u00fanica do Cear\u00e1 a ganhar a certifica\u00e7\u00e3o. A not\u00edcia foi recebida com entusiasmo, sobretudo pela Secretaria de Turismo e Cultura (SETCULT) e o Instituto do Meio Ambiente de&hellip;<\/p>\n","protected":false},"author":1,"featured_media":27120,"comment_status":"open","ping_status":"open","sticky":false,"template":"","format":"standard","meta":{"footnotes":""},"categories":[1],"tags":[],"class_list":["post-27119","post","type-post","status-publish","format-standard","has-post-thumbnail","hentry","category-noticias"],"_links":{"self":[{"href":"https:\/\/blogdorogeriogomes.com.br\/noticias\/wp-json\/wp\/v2\/posts\/27119","targetHints":{"allow":["GET"]}}],"collection":[{"href":"https:\/\/blogdorogeriogomes.com.br\/noticias\/wp-json\/wp\/v2\/posts"}],"about":[{"href":"https:\/\/blogdorogeriogomes.com.br\/noticias\/wp-json\/wp\/v2\/types\/post"}],"author":[{"embeddable":true,"href":"https:\/\/blogdorogeriogomes.com.br\/noticias\/wp-json\/wp\/v2\/users\/1"}],"replies":[{"embeddable":true,"href":"https:\/\/blogdorogeriogomes.com.br\/noticias\/wp-json\/wp\/v2\/comments?post=27119"}],"version-history":[{"count":1,"href":"https:\/\/blogdorogeriogomes.com.br\/noticias\/wp-json\/wp\/v2\/posts\/27119\/revisions"}],"predecessor-version":[{"id":27121,"href":"https:\/\/blogdorogeriogomes.com.br\/noticias\/wp-json\/wp\/v2\/posts\/27119\/revisions\/27121"}],"wp:featuredmedia":[{"embeddable":true,"href":"https:\/\/blogdorogeriogomes.com.br\/noticias\/wp-json\/wp\/v2\/media\/27120"}],"wp:attachment":[{"href":"https:\/\/blogdorogeriogomes.com.br\/noticias\/wp-json\/wp\/v2\/media?parent=27119"}],"wp:term":[{"taxonomy":"category","embeddable":true,"href":"https:\/\/blogdorogeriogomes.com.br\/noticias\/wp-json\/wp\/v2\/categories?post=27119"},{"taxonomy":"post_tag","embeddable":true,"href":"https:\/\/blogdorogeriogomes.com.br\/noticias\/wp-json\/wp\/v2\/tags?post=27119"}],"curies":[{"name":"wp","href":"https:\/\/api.w.org\/{rel}","templated":true}]}}