{"id":27125,"date":"2022-10-05T19:27:35","date_gmt":"2022-10-05T19:27:35","guid":{"rendered":"https:\/\/blogdorogeriogomes.com.br\/?p=27125"},"modified":"2022-10-06T12:05:56","modified_gmt":"2022-10-06T12:05:56","slug":"simone-tebet-e-fernando-henrique-cardoso-declaram-voto-em-lula-no-2-turno","status":"publish","type":"post","link":"https:\/\/blogdorogeriogomes.com.br\/noticias\/2022\/10\/simone-tebet-e-fernando-henrique-cardoso-declaram-voto-em-lula-no-2-turno\/","title":{"rendered":"Simone Tebet e Fernando Henrique Cardoso declaram voto em Lula no 2\u00b0 turno"},"content":{"rendered":"\n<p>A candidata derrotada do MDB \u00e0 Presid\u00eancia, Simone Tebet, e o ex-presidente Fernando Henrique Cardoso (PSDB) anunciaram nesta quarta-feira, dia 5 de outubro, apoio ao ex-presidente Lula. Simone Tebet e Lula selaram a alian\u00e7a contra Bolsonaro em um almo\u00e7o nesta quarta-feira em S\u00e3o Paulo na casa da ex-senadora Marta Suplicy, que j\u00e1 teve passagens por PT e MDB. Antes, a emedebista se encontrou com Geraldo Alckmin (PSB), candidato a vice na chapa encabe\u00e7ada por Lula. <\/p>\n\n\n\n<p>&#8220;Depositarei nele o meu voto porque reconhe\u00e7o nele o seu compromisso com a democracia e com a Constitui\u00e7\u00e3o, o que desconhe\u00e7o no atual presidente. Meu apoio n\u00e3o ser\u00e1 por ades\u00e3o. Meu apoio \u00e9 por um Brasil que sonho ser de todos&#8221;, afirmou Simone Tebet.<\/p>\n\n\n\n<p>J\u00e1 o ex-presidente Fernando Henrique Cardoso se manifestou pelas redes sociais: \u201cNeste segundo turno voto por uma hist\u00f3ria de luta pela democracia e inclus\u00e3o social. Voto em Luiz In\u00e1cio Lula da Silva\u201d.<\/p>\n\n\n\n<figure class=\"wp-block-image size-full\"><img loading=\"lazy\" decoding=\"async\" width=\"640\" height=\"480\" src=\"https:\/\/blogdorogeriogomes.com.br\/wp-content\/uploads\/2022\/10\/images-32.jpeg\" alt=\"\" class=\"wp-image-27127\" srcset=\"https:\/\/blogdorogeriogomes.com.br\/noticias\/wp-content\/uploads\/2022\/10\/images-32.jpeg 640w, https:\/\/blogdorogeriogomes.com.br\/noticias\/wp-content\/uploads\/2022\/10\/images-32-300x225.jpeg 300w, https:\/\/blogdorogeriogomes.com.br\/noticias\/wp-content\/uploads\/2022\/10\/images-32-400x300.jpeg 400w\" sizes=\"auto, (max-width: 640px) 100vw, 640px\" \/><\/figure>\n\n\n\n<figure class=\"wp-block-image size-full\"><img loading=\"lazy\" decoding=\"async\" width=\"605\" height=\"507\" src=\"https:\/\/blogdorogeriogomes.com.br\/wp-content\/uploads\/2022\/10\/images-31.jpeg\" alt=\"\" class=\"wp-image-27126\" srcset=\"https:\/\/blogdorogeriogomes.com.br\/noticias\/wp-content\/uploads\/2022\/10\/images-31.jpeg 605w, https:\/\/blogdorogeriogomes.com.br\/noticias\/wp-content\/uploads\/2022\/10\/images-31-300x251.jpeg 300w\" sizes=\"auto, (max-width: 605px) 100vw, 605px\" \/><\/figure>\n\n\n\n<p><\/p>\n","protected":false},"excerpt":{"rendered":"<p>A candidata derrotada do MDB \u00e0 Presid\u00eancia, Simone Tebet, e o ex-presidente Fernando Henrique Cardoso (PSDB) anunciaram nesta quarta-feira, dia 5 de outubro, apoio ao ex-presidente Lula. Simone Tebet e Lula selaram a alian\u00e7a contra Bolsonaro em um almo\u00e7o nesta quarta-feira em S\u00e3o Paulo na casa da ex-senadora Marta Suplicy, que j\u00e1 teve passagens por PT e MDB. Antes, a emedebista se encontrou com Geraldo Alckmin (PSB), candidato a vice na chapa encabe\u00e7ada por Lula. &#8220;Depositarei nele o meu&hellip;<\/p>\n","protected":false},"author":1,"featured_media":27127,"comment_status":"open","ping_status":"open","sticky":false,"template":"","format":"standard","meta":{"footnotes":""},"categories":[1],"tags":[],"class_list":["post-27125","post","type-post","status-publish","format-standard","has-post-thumbnail","hentry","category-noticias"],"_links":{"self":[{"href":"https:\/\/blogdorogeriogomes.com.br\/noticias\/wp-json\/wp\/v2\/posts\/27125","targetHints":{"allow":["GET"]}}],"collection":[{"href":"https:\/\/blogdorogeriogomes.com.br\/noticias\/wp-json\/wp\/v2\/posts"}],"about":[{"href":"https:\/\/blogdorogeriogomes.com.br\/noticias\/wp-json\/wp\/v2\/types\/post"}],"author":[{"embeddable":true,"href":"https:\/\/blogdorogeriogomes.com.br\/noticias\/wp-json\/wp\/v2\/users\/1"}],"replies":[{"embeddable":true,"href":"https:\/\/blogdorogeriogomes.com.br\/noticias\/wp-json\/wp\/v2\/comments?post=27125"}],"version-history":[{"count":2,"href":"https:\/\/blogdorogeriogomes.com.br\/noticias\/wp-json\/wp\/v2\/posts\/27125\/revisions"}],"predecessor-version":[{"id":27129,"href":"https:\/\/blogdorogeriogomes.com.br\/noticias\/wp-json\/wp\/v2\/posts\/27125\/revisions\/27129"}],"wp:featuredmedia":[{"embeddable":true,"href":"https:\/\/blogdorogeriogomes.com.br\/noticias\/wp-json\/wp\/v2\/media\/27127"}],"wp:attachment":[{"href":"https:\/\/blogdorogeriogomes.com.br\/noticias\/wp-json\/wp\/v2\/media?parent=27125"}],"wp:term":[{"taxonomy":"category","embeddable":true,"href":"https:\/\/blogdorogeriogomes.com.br\/noticias\/wp-json\/wp\/v2\/categories?post=27125"},{"taxonomy":"post_tag","embeddable":true,"href":"https:\/\/blogdorogeriogomes.com.br\/noticias\/wp-json\/wp\/v2\/tags?post=27125"}],"curies":[{"name":"wp","href":"https:\/\/api.w.org\/{rel}","templated":true}]}}