{"id":27130,"date":"2022-10-06T00:24:47","date_gmt":"2022-10-06T00:24:47","guid":{"rendered":"https:\/\/blogdorogeriogomes.com.br\/?p=27130"},"modified":"2022-10-06T12:05:43","modified_gmt":"2022-10-06T12:05:43","slug":"em-primeira-pesquisa-ipec-no-2-turno-lula-tem-55-e-bolsonaro-45-dos-votos-validos","status":"publish","type":"post","link":"https:\/\/blogdorogeriogomes.com.br\/noticias\/2022\/10\/em-primeira-pesquisa-ipec-no-2-turno-lula-tem-55-e-bolsonaro-45-dos-votos-validos\/","title":{"rendered":"Em primeira pesquisa Ipec no 2\u00b0 turno, Lula tem 55% e Bolsonaro 45% dos votos v\u00e1lidos"},"content":{"rendered":"\n<p>Pesquisa do Ipec (ex-Ibope) divulgada nesta quarta-feira, dia 5 de outubro, encomendada pela&nbsp;TV Globo, aponta que o&nbsp;ex-presidente Luiz In\u00e1cio&nbsp;Lula da Silva (PT) tem 51% de inten\u00e7\u00e3o de votos no segundo turno e que o presidente&nbsp;Jair Bolsonaro (PL) tem 43%. Este \u00e9 o primeiro levantamento do instituto feito ap\u00f3s&nbsp;o primeiro turno das elei\u00e7\u00f5es. Nos votos v\u00e1lidos, o levantamento apontou que Lula tem 55%, e Bolsonaro, 45%.<\/p>\n\n\n\n<p>As entrevistas foram feitas entre segunda-feira, dia 3,  e esta quarta-feira, dia 5, e a margem de erro \u00e9 de dois pontos percentuais, para mais ou para menos. Foram entrevistadas 2.000 pessoas, em 129 munic\u00edpios.<\/p>\n\n\n\n<figure class=\"wp-block-image size-full\"><img loading=\"lazy\" decoding=\"async\" width=\"678\" height=\"452\" src=\"https:\/\/blogdorogeriogomes.com.br\/wp-content\/uploads\/2022\/10\/images-33.jpeg\" alt=\"\" class=\"wp-image-27131\" srcset=\"https:\/\/blogdorogeriogomes.com.br\/noticias\/wp-content\/uploads\/2022\/10\/images-33.jpeg 678w, https:\/\/blogdorogeriogomes.com.br\/noticias\/wp-content\/uploads\/2022\/10\/images-33-300x200.jpeg 300w\" sizes=\"auto, (max-width: 678px) 100vw, 678px\" \/><\/figure>\n","protected":false},"excerpt":{"rendered":"<p>Pesquisa do Ipec (ex-Ibope) divulgada nesta quarta-feira, dia 5 de outubro, encomendada pela&nbsp;TV Globo, aponta que o&nbsp;ex-presidente Luiz In\u00e1cio&nbsp;Lula da Silva (PT) tem 51% de inten\u00e7\u00e3o de votos no segundo turno e que o presidente&nbsp;Jair Bolsonaro (PL) tem 43%. Este \u00e9 o primeiro levantamento do instituto feito ap\u00f3s&nbsp;o primeiro turno das elei\u00e7\u00f5es. Nos votos v\u00e1lidos, o levantamento apontou que Lula tem 55%, e Bolsonaro, 45%. As entrevistas foram feitas entre segunda-feira, dia 3, e esta quarta-feira, dia 5, e&hellip;<\/p>\n","protected":false},"author":1,"featured_media":27131,"comment_status":"open","ping_status":"open","sticky":false,"template":"","format":"standard","meta":{"footnotes":""},"categories":[1],"tags":[],"class_list":["post-27130","post","type-post","status-publish","format-standard","has-post-thumbnail","hentry","category-noticias"],"_links":{"self":[{"href":"https:\/\/blogdorogeriogomes.com.br\/noticias\/wp-json\/wp\/v2\/posts\/27130","targetHints":{"allow":["GET"]}}],"collection":[{"href":"https:\/\/blogdorogeriogomes.com.br\/noticias\/wp-json\/wp\/v2\/posts"}],"about":[{"href":"https:\/\/blogdorogeriogomes.com.br\/noticias\/wp-json\/wp\/v2\/types\/post"}],"author":[{"embeddable":true,"href":"https:\/\/blogdorogeriogomes.com.br\/noticias\/wp-json\/wp\/v2\/users\/1"}],"replies":[{"embeddable":true,"href":"https:\/\/blogdorogeriogomes.com.br\/noticias\/wp-json\/wp\/v2\/comments?post=27130"}],"version-history":[{"count":2,"href":"https:\/\/blogdorogeriogomes.com.br\/noticias\/wp-json\/wp\/v2\/posts\/27130\/revisions"}],"predecessor-version":[{"id":27142,"href":"https:\/\/blogdorogeriogomes.com.br\/noticias\/wp-json\/wp\/v2\/posts\/27130\/revisions\/27142"}],"wp:featuredmedia":[{"embeddable":true,"href":"https:\/\/blogdorogeriogomes.com.br\/noticias\/wp-json\/wp\/v2\/media\/27131"}],"wp:attachment":[{"href":"https:\/\/blogdorogeriogomes.com.br\/noticias\/wp-json\/wp\/v2\/media?parent=27130"}],"wp:term":[{"taxonomy":"category","embeddable":true,"href":"https:\/\/blogdorogeriogomes.com.br\/noticias\/wp-json\/wp\/v2\/categories?post=27130"},{"taxonomy":"post_tag","embeddable":true,"href":"https:\/\/blogdorogeriogomes.com.br\/noticias\/wp-json\/wp\/v2\/tags?post=27130"}],"curies":[{"name":"wp","href":"https:\/\/api.w.org\/{rel}","templated":true}]}}