{"id":27133,"date":"2022-10-06T00:38:08","date_gmt":"2022-10-06T00:38:08","guid":{"rendered":"https:\/\/blogdorogeriogomes.com.br\/?p=27133"},"modified":"2022-10-06T12:05:28","modified_gmt":"2022-10-06T12:05:28","slug":"elmano-camilo-e-evandro-se-reunem-com-lula-em-sao-paulo-meta-e-aumentar-vantagem-de-votos-no-ceara","status":"publish","type":"post","link":"https:\/\/blogdorogeriogomes.com.br\/noticias\/2022\/10\/elmano-camilo-e-evandro-se-reunem-com-lula-em-sao-paulo-meta-e-aumentar-vantagem-de-votos-no-ceara\/","title":{"rendered":"Elmano, Camilo e Evandro se re\u00fanem com Lula em S\u00e3o Paulo. Meta \u00e9 aumentar vantagem de votos no Cear\u00e1"},"content":{"rendered":"\n<p>O governador eleito Elmano de Freitas (PT), o senador eleito Camilo Santana (PT) e o presidente da Assembleia Legislativa do Cear\u00e1, Evandro Leit\u00e3o (PDT), estiveram nesta quarta-feira, dia 5 de outubro, em reuni\u00e3o com o ex-presidente Lula, em S\u00e3o Paulo. O objetivo do encontro com governadores e senadores de todo o Pa\u00eds foi refor\u00e7ar as estrat\u00e9gias de 2\u00b0 turno.<\/p>\n\n\n\n<p>Camilo, Elmano e Evandro Leit\u00e3o se mostraram otimistas com a possibilidade de aumentar a vota\u00e7\u00e3o de Lula no 2\u00b0 turno no Cear\u00e1 e assim garantir uma vantagem ainda maior para o petista contra Jair Bolsonaro (PL). Com a decis\u00e3o do PDT em apoiar Lula, a perspectiva \u00e9 que votos do ent\u00e3o candidato Ciro Gomes (PDT) possam migrar para o petista no Estado.<\/p>\n\n\n\n<figure class=\"wp-block-image size-full\"><img loading=\"lazy\" decoding=\"async\" width=\"627\" height=\"471\" src=\"https:\/\/blogdorogeriogomes.com.br\/wp-content\/uploads\/2022\/10\/0510_dc7f_0909_27bc.jpg\" alt=\"\" class=\"wp-image-27134\" srcset=\"https:\/\/blogdorogeriogomes.com.br\/noticias\/wp-content\/uploads\/2022\/10\/0510_dc7f_0909_27bc.jpg 627w, https:\/\/blogdorogeriogomes.com.br\/noticias\/wp-content\/uploads\/2022\/10\/0510_dc7f_0909_27bc-300x225.jpg 300w, https:\/\/blogdorogeriogomes.com.br\/noticias\/wp-content\/uploads\/2022\/10\/0510_dc7f_0909_27bc-400x300.jpg 400w\" sizes=\"auto, (max-width: 627px) 100vw, 627px\" \/><\/figure>\n","protected":false},"excerpt":{"rendered":"<p>O governador eleito Elmano de Freitas (PT), o senador eleito Camilo Santana (PT) e o presidente da Assembleia Legislativa do Cear\u00e1, Evandro Leit\u00e3o (PDT), estiveram nesta quarta-feira, dia 5 de outubro, em reuni\u00e3o com o ex-presidente Lula, em S\u00e3o Paulo. O objetivo do encontro com governadores e senadores de todo o Pa\u00eds foi refor\u00e7ar as estrat\u00e9gias de 2\u00b0 turno. Camilo, Elmano e Evandro Leit\u00e3o se mostraram otimistas com a possibilidade de aumentar a vota\u00e7\u00e3o de Lula no 2\u00b0 turno&hellip;<\/p>\n","protected":false},"author":1,"featured_media":27134,"comment_status":"open","ping_status":"open","sticky":false,"template":"","format":"standard","meta":{"footnotes":""},"categories":[1],"tags":[],"class_list":["post-27133","post","type-post","status-publish","format-standard","has-post-thumbnail","hentry","category-noticias"],"_links":{"self":[{"href":"https:\/\/blogdorogeriogomes.com.br\/noticias\/wp-json\/wp\/v2\/posts\/27133","targetHints":{"allow":["GET"]}}],"collection":[{"href":"https:\/\/blogdorogeriogomes.com.br\/noticias\/wp-json\/wp\/v2\/posts"}],"about":[{"href":"https:\/\/blogdorogeriogomes.com.br\/noticias\/wp-json\/wp\/v2\/types\/post"}],"author":[{"embeddable":true,"href":"https:\/\/blogdorogeriogomes.com.br\/noticias\/wp-json\/wp\/v2\/users\/1"}],"replies":[{"embeddable":true,"href":"https:\/\/blogdorogeriogomes.com.br\/noticias\/wp-json\/wp\/v2\/comments?post=27133"}],"version-history":[{"count":1,"href":"https:\/\/blogdorogeriogomes.com.br\/noticias\/wp-json\/wp\/v2\/posts\/27133\/revisions"}],"predecessor-version":[{"id":27135,"href":"https:\/\/blogdorogeriogomes.com.br\/noticias\/wp-json\/wp\/v2\/posts\/27133\/revisions\/27135"}],"wp:featuredmedia":[{"embeddable":true,"href":"https:\/\/blogdorogeriogomes.com.br\/noticias\/wp-json\/wp\/v2\/media\/27134"}],"wp:attachment":[{"href":"https:\/\/blogdorogeriogomes.com.br\/noticias\/wp-json\/wp\/v2\/media?parent=27133"}],"wp:term":[{"taxonomy":"category","embeddable":true,"href":"https:\/\/blogdorogeriogomes.com.br\/noticias\/wp-json\/wp\/v2\/categories?post=27133"},{"taxonomy":"post_tag","embeddable":true,"href":"https:\/\/blogdorogeriogomes.com.br\/noticias\/wp-json\/wp\/v2\/tags?post=27133"}],"curies":[{"name":"wp","href":"https:\/\/api.w.org\/{rel}","templated":true}]}}