{"id":27136,"date":"2022-10-06T11:32:16","date_gmt":"2022-10-06T11:32:16","guid":{"rendered":"https:\/\/blogdorogeriogomes.com.br\/?p=27136"},"modified":"2022-10-06T12:05:17","modified_gmt":"2022-10-06T12:05:17","slug":"prefeito-jose-sarto-reune-base-aliada-e-passa-a-apoiar-lula-na-disputa-contra-bolsonaro","status":"publish","type":"post","link":"https:\/\/blogdorogeriogomes.com.br\/noticias\/2022\/10\/prefeito-jose-sarto-reune-base-aliada-e-passa-a-apoiar-lula-na-disputa-contra-bolsonaro\/","title":{"rendered":"Prefeito Jos\u00e9 Sarto re\u00fane base aliada e passa a apoiar Lula na disputa contra Bolsonaro"},"content":{"rendered":"\n<p>O prefeito de Fortaleza, Jos\u00e9 Sarto (PDT), reuniu vereadores da base aliada, nesta quarta-feira, dia 5 de outubro, para orientar apoio \u00e0 candidatura de Lula (PT) \u00e0 presid\u00eancia da Rep\u00fablica no 2\u00b0 turno das elei\u00e7\u00f5es, seguindo posicionamento do PDT Nacional. O encontro aconteceu na sede do partido, no Meireles, e contou com a presen\u00e7a do deputado federal Andr\u00e9 Figueiredo, que preside a sigla no Cear\u00e1.<\/p>\n\n\n\n<p>\u201cDecidimos nos posicionar a favor da candidatura que melhor dialoga com nosso projeto pol\u00edtico para Fortaleza, o Cear\u00e1 e o Brasil. Teremos isen\u00e7\u00e3o para fiscalizar e firmeza para cobrar projetos para limpar os nomes dos endividados, assegurar renda m\u00ednima e expandir a educa\u00e7\u00e3o em tempo integral, propostos por Ciro Gomes\u201d, afirmou Jos\u00e9 Sarto.<\/p>\n\n\n\n<figure class=\"wp-block-image size-large\"><img loading=\"lazy\" decoding=\"async\" width=\"1024\" height=\"682\" src=\"https:\/\/blogdorogeriogomes.com.br\/wp-content\/uploads\/2022\/10\/IMG-20221005-WA0166-1024x682.jpg\" alt=\"\" class=\"wp-image-27137\" srcset=\"https:\/\/blogdorogeriogomes.com.br\/noticias\/wp-content\/uploads\/2022\/10\/IMG-20221005-WA0166-1024x682.jpg 1024w, https:\/\/blogdorogeriogomes.com.br\/noticias\/wp-content\/uploads\/2022\/10\/IMG-20221005-WA0166-300x200.jpg 300w, https:\/\/blogdorogeriogomes.com.br\/noticias\/wp-content\/uploads\/2022\/10\/IMG-20221005-WA0166-768x512.jpg 768w, https:\/\/blogdorogeriogomes.com.br\/noticias\/wp-content\/uploads\/2022\/10\/IMG-20221005-WA0166-800x533.jpg 800w, https:\/\/blogdorogeriogomes.com.br\/noticias\/wp-content\/uploads\/2022\/10\/IMG-20221005-WA0166.jpg 1280w\" sizes=\"auto, (max-width: 1024px) 100vw, 1024px\" \/><\/figure>\n","protected":false},"excerpt":{"rendered":"<p>O prefeito de Fortaleza, Jos\u00e9 Sarto (PDT), reuniu vereadores da base aliada, nesta quarta-feira, dia 5 de outubro, para orientar apoio \u00e0 candidatura de Lula (PT) \u00e0 presid\u00eancia da Rep\u00fablica no 2\u00b0 turno das elei\u00e7\u00f5es, seguindo posicionamento do PDT Nacional. O encontro aconteceu na sede do partido, no Meireles, e contou com a presen\u00e7a do deputado federal Andr\u00e9 Figueiredo, que preside a sigla no Cear\u00e1. \u201cDecidimos nos posicionar a favor da candidatura que melhor dialoga com nosso projeto pol\u00edtico&hellip;<\/p>\n","protected":false},"author":1,"featured_media":27137,"comment_status":"open","ping_status":"open","sticky":false,"template":"","format":"standard","meta":{"footnotes":""},"categories":[1],"tags":[],"class_list":["post-27136","post","type-post","status-publish","format-standard","has-post-thumbnail","hentry","category-noticias"],"_links":{"self":[{"href":"https:\/\/blogdorogeriogomes.com.br\/noticias\/wp-json\/wp\/v2\/posts\/27136","targetHints":{"allow":["GET"]}}],"collection":[{"href":"https:\/\/blogdorogeriogomes.com.br\/noticias\/wp-json\/wp\/v2\/posts"}],"about":[{"href":"https:\/\/blogdorogeriogomes.com.br\/noticias\/wp-json\/wp\/v2\/types\/post"}],"author":[{"embeddable":true,"href":"https:\/\/blogdorogeriogomes.com.br\/noticias\/wp-json\/wp\/v2\/users\/1"}],"replies":[{"embeddable":true,"href":"https:\/\/blogdorogeriogomes.com.br\/noticias\/wp-json\/wp\/v2\/comments?post=27136"}],"version-history":[{"count":1,"href":"https:\/\/blogdorogeriogomes.com.br\/noticias\/wp-json\/wp\/v2\/posts\/27136\/revisions"}],"predecessor-version":[{"id":27138,"href":"https:\/\/blogdorogeriogomes.com.br\/noticias\/wp-json\/wp\/v2\/posts\/27136\/revisions\/27138"}],"wp:featuredmedia":[{"embeddable":true,"href":"https:\/\/blogdorogeriogomes.com.br\/noticias\/wp-json\/wp\/v2\/media\/27137"}],"wp:attachment":[{"href":"https:\/\/blogdorogeriogomes.com.br\/noticias\/wp-json\/wp\/v2\/media?parent=27136"}],"wp:term":[{"taxonomy":"category","embeddable":true,"href":"https:\/\/blogdorogeriogomes.com.br\/noticias\/wp-json\/wp\/v2\/categories?post=27136"},{"taxonomy":"post_tag","embeddable":true,"href":"https:\/\/blogdorogeriogomes.com.br\/noticias\/wp-json\/wp\/v2\/tags?post=27136"}],"curies":[{"name":"wp","href":"https:\/\/api.w.org\/{rel}","templated":true}]}}