{"id":27139,"date":"2022-10-06T11:54:08","date_gmt":"2022-10-06T11:54:08","guid":{"rendered":"https:\/\/blogdorogeriogomes.com.br\/?p=27139"},"modified":"2022-10-06T12:04:53","modified_gmt":"2022-10-06T12:04:53","slug":"governadora-izolda-cela-reage-as-declaracoes-de-jair-bolsonaro-que-liga-nordeste-ao-analfabetismo-e-culpa-as-administracoes-do-pt-na-regiao","status":"publish","type":"post","link":"https:\/\/blogdorogeriogomes.com.br\/noticias\/2022\/10\/governadora-izolda-cela-reage-as-declaracoes-de-jair-bolsonaro-que-liga-nordeste-ao-analfabetismo-e-culpa-as-administracoes-do-pt-na-regiao\/","title":{"rendered":"Governadora Izolda Cela reage \u00e0s declara\u00e7\u00f5es de Jair Bolsonaro que liga Nordeste ao analfabetismo e culpa as administra\u00e7\u00f5es do PT na regi\u00e3o"},"content":{"rendered":"\n<p>O presidente Jair Bolsonaro declarou no Estad\u00e3o que a regi\u00e3o Nordeste est\u00e1 ligada ao analfabetismo e culpa as administra\u00e7\u00f5es petistas nos estados nordestinos. A governadora do Cear\u00e1, Izolda Cela, reagiu \u00e0s declara\u00e7\u00f5es do presidente da Rep\u00fablica. <\/p>\n\n\n\n<p>A governadora cearense disse: &#8220;O presidente d\u00e1 provas evidentes do que j\u00e1 se sabe: ele n\u00e3o conhece o Brasil e n\u00e3o tem respeito pelas pessoas. Infelizmente, o analfabetismo ainda \u00e9 um problema brasileiro. Ele n\u00e3o sabe disso porque o Governo Federal n\u00e3o dialoga com estados nem com munic\u00edpios. O Cear\u00e1, estado do Nordeste, criou h\u00e1 mais de 15 anos o Programa de Alfabetiza\u00e7\u00e3o na Idade Certa, que vem sendo uma refer\u00eancia para estados e munic\u00edpios em todo o Brasil. De acordo com os dados do INEP\/MEC, o Cear\u00e1 tem atualmente 87 das 100 escolas com melhores desempenhos no Pa\u00eds nos anos iniciais do ensino fundamental. O presidente, que deveria cuidar de todos os brasileiros, destila preconceito e xenofobia com o povo nordestino, sem o m\u00ednimo conhecimento. Uma pena! Inaceit\u00e1vel!&#8221;<\/p>\n\n\n\n<figure class=\"wp-block-image size-full\"><img loading=\"lazy\" decoding=\"async\" width=\"607\" height=\"367\" src=\"https:\/\/blogdorogeriogomes.com.br\/wp-content\/uploads\/2022\/10\/Izolda-Cela.jpg\" alt=\"\" class=\"wp-image-27140\" srcset=\"https:\/\/blogdorogeriogomes.com.br\/noticias\/wp-content\/uploads\/2022\/10\/Izolda-Cela.jpg 607w, https:\/\/blogdorogeriogomes.com.br\/noticias\/wp-content\/uploads\/2022\/10\/Izolda-Cela-300x181.jpg 300w\" sizes=\"auto, (max-width: 607px) 100vw, 607px\" \/><\/figure>\n","protected":false},"excerpt":{"rendered":"<p>O presidente Jair Bolsonaro declarou no Estad\u00e3o que a regi\u00e3o Nordeste est\u00e1 ligada ao analfabetismo e culpa as administra\u00e7\u00f5es petistas nos estados nordestinos. A governadora do Cear\u00e1, Izolda Cela, reagiu \u00e0s declara\u00e7\u00f5es do presidente da Rep\u00fablica. A governadora cearense disse: &#8220;O presidente d\u00e1 provas evidentes do que j\u00e1 se sabe: ele n\u00e3o conhece o Brasil e n\u00e3o tem respeito pelas pessoas. Infelizmente, o analfabetismo ainda \u00e9 um problema brasileiro. Ele n\u00e3o sabe disso porque o Governo Federal n\u00e3o dialoga&hellip;<\/p>\n","protected":false},"author":1,"featured_media":27140,"comment_status":"open","ping_status":"open","sticky":false,"template":"","format":"standard","meta":{"footnotes":""},"categories":[1],"tags":[],"class_list":["post-27139","post","type-post","status-publish","format-standard","has-post-thumbnail","hentry","category-noticias"],"_links":{"self":[{"href":"https:\/\/blogdorogeriogomes.com.br\/noticias\/wp-json\/wp\/v2\/posts\/27139","targetHints":{"allow":["GET"]}}],"collection":[{"href":"https:\/\/blogdorogeriogomes.com.br\/noticias\/wp-json\/wp\/v2\/posts"}],"about":[{"href":"https:\/\/blogdorogeriogomes.com.br\/noticias\/wp-json\/wp\/v2\/types\/post"}],"author":[{"embeddable":true,"href":"https:\/\/blogdorogeriogomes.com.br\/noticias\/wp-json\/wp\/v2\/users\/1"}],"replies":[{"embeddable":true,"href":"https:\/\/blogdorogeriogomes.com.br\/noticias\/wp-json\/wp\/v2\/comments?post=27139"}],"version-history":[{"count":1,"href":"https:\/\/blogdorogeriogomes.com.br\/noticias\/wp-json\/wp\/v2\/posts\/27139\/revisions"}],"predecessor-version":[{"id":27141,"href":"https:\/\/blogdorogeriogomes.com.br\/noticias\/wp-json\/wp\/v2\/posts\/27139\/revisions\/27141"}],"wp:featuredmedia":[{"embeddable":true,"href":"https:\/\/blogdorogeriogomes.com.br\/noticias\/wp-json\/wp\/v2\/media\/27140"}],"wp:attachment":[{"href":"https:\/\/blogdorogeriogomes.com.br\/noticias\/wp-json\/wp\/v2\/media?parent=27139"}],"wp:term":[{"taxonomy":"category","embeddable":true,"href":"https:\/\/blogdorogeriogomes.com.br\/noticias\/wp-json\/wp\/v2\/categories?post=27139"},{"taxonomy":"post_tag","embeddable":true,"href":"https:\/\/blogdorogeriogomes.com.br\/noticias\/wp-json\/wp\/v2\/tags?post=27139"}],"curies":[{"name":"wp","href":"https:\/\/api.w.org\/{rel}","templated":true}]}}