{"id":27143,"date":"2022-10-07T00:24:57","date_gmt":"2022-10-07T00:24:57","guid":{"rendered":"https:\/\/blogdorogeriogomes.com.br\/?p=27143"},"modified":"2022-10-07T18:14:30","modified_gmt":"2022-10-07T18:14:30","slug":"economistas-do-plano-real-escolhem-votar-em-lula-no-2-turno-das-eleicoes","status":"publish","type":"post","link":"https:\/\/blogdorogeriogomes.com.br\/noticias\/2022\/10\/economistas-do-plano-real-escolhem-votar-em-lula-no-2-turno-das-eleicoes\/","title":{"rendered":"Economistas do Plano Real escolhem votar em Lula no 2\u00b0 turno das elei\u00e7\u00f5es"},"content":{"rendered":"\n<p>A coordena\u00e7\u00e3o da campanha do ex-presidente Lula (PT) e do ex-governador de S\u00e3o Paulo, Geraldo Alckmin (PSB), candidatos a presidente e vice, emitiu uma nota em agradecimento ao apoio p\u00fablico de cinco economistas respons\u00e1veis pela cria\u00e7\u00e3o do Plano Real.<\/p>\n\n\n\n<p>Nesta quinta-feira, dia 6 de outubro, os economistas Arm\u00ednio Fraga, Edmar Bacha, Pedro Malan e P\u00e9rsio Arida&nbsp;se juntaram a Andr\u00e9 Lara Resende e declaram apoio a Lula no 2\u00b0 turno das elei\u00e7\u00f5es presidenciais contra Bolsonaro.<\/p>\n\n\n\n<p>O quinteto de economistas, ligados historicamente ao PSDB, foram respons\u00e1veis pelo sucesso do Plano Real durante o Governo de Fernando Henrique Cardoso, que tamb\u00e9m declarou voto em Lula no 2\u00b0 turno.<\/p>\n\n\n\n<figure class=\"wp-block-image size-large\"><img loading=\"lazy\" decoding=\"async\" width=\"1024\" height=\"576\" src=\"https:\/\/blogdorogeriogomes.com.br\/wp-content\/uploads\/2022\/10\/arminio-fraga-edmar-bacha-pedro-malan-persio-arida-1-1024x576.jpg\" alt=\"\" class=\"wp-image-27144\" srcset=\"https:\/\/blogdorogeriogomes.com.br\/noticias\/wp-content\/uploads\/2022\/10\/arminio-fraga-edmar-bacha-pedro-malan-persio-arida-1-1024x576.jpg 1024w, https:\/\/blogdorogeriogomes.com.br\/noticias\/wp-content\/uploads\/2022\/10\/arminio-fraga-edmar-bacha-pedro-malan-persio-arida-1-300x169.jpg 300w, https:\/\/blogdorogeriogomes.com.br\/noticias\/wp-content\/uploads\/2022\/10\/arminio-fraga-edmar-bacha-pedro-malan-persio-arida-1-768x432.jpg 768w, https:\/\/blogdorogeriogomes.com.br\/noticias\/wp-content\/uploads\/2022\/10\/arminio-fraga-edmar-bacha-pedro-malan-persio-arida-1-800x450.jpg 800w, https:\/\/blogdorogeriogomes.com.br\/noticias\/wp-content\/uploads\/2022\/10\/arminio-fraga-edmar-bacha-pedro-malan-persio-arida-1.jpg 1080w\" sizes=\"auto, (max-width: 1024px) 100vw, 1024px\" \/><\/figure>\n\n\n\n<figure class=\"wp-block-pullquote\"><blockquote><p><\/p><\/blockquote><\/figure>\n","protected":false},"excerpt":{"rendered":"<p>A coordena\u00e7\u00e3o da campanha do ex-presidente Lula (PT) e do ex-governador de S\u00e3o Paulo, Geraldo Alckmin (PSB), candidatos a presidente e vice, emitiu uma nota em agradecimento ao apoio p\u00fablico de cinco economistas respons\u00e1veis pela cria\u00e7\u00e3o do Plano Real. Nesta quinta-feira, dia 6 de outubro, os economistas Arm\u00ednio Fraga, Edmar Bacha, Pedro Malan e P\u00e9rsio Arida&nbsp;se juntaram a Andr\u00e9 Lara Resende e declaram apoio a Lula no 2\u00b0 turno das elei\u00e7\u00f5es presidenciais contra Bolsonaro. O quinteto de economistas, ligados&hellip;<\/p>\n","protected":false},"author":1,"featured_media":27144,"comment_status":"open","ping_status":"open","sticky":false,"template":"","format":"standard","meta":{"footnotes":""},"categories":[1],"tags":[],"class_list":["post-27143","post","type-post","status-publish","format-standard","has-post-thumbnail","hentry","category-noticias"],"_links":{"self":[{"href":"https:\/\/blogdorogeriogomes.com.br\/noticias\/wp-json\/wp\/v2\/posts\/27143","targetHints":{"allow":["GET"]}}],"collection":[{"href":"https:\/\/blogdorogeriogomes.com.br\/noticias\/wp-json\/wp\/v2\/posts"}],"about":[{"href":"https:\/\/blogdorogeriogomes.com.br\/noticias\/wp-json\/wp\/v2\/types\/post"}],"author":[{"embeddable":true,"href":"https:\/\/blogdorogeriogomes.com.br\/noticias\/wp-json\/wp\/v2\/users\/1"}],"replies":[{"embeddable":true,"href":"https:\/\/blogdorogeriogomes.com.br\/noticias\/wp-json\/wp\/v2\/comments?post=27143"}],"version-history":[{"count":2,"href":"https:\/\/blogdorogeriogomes.com.br\/noticias\/wp-json\/wp\/v2\/posts\/27143\/revisions"}],"predecessor-version":[{"id":27165,"href":"https:\/\/blogdorogeriogomes.com.br\/noticias\/wp-json\/wp\/v2\/posts\/27143\/revisions\/27165"}],"wp:featuredmedia":[{"embeddable":true,"href":"https:\/\/blogdorogeriogomes.com.br\/noticias\/wp-json\/wp\/v2\/media\/27144"}],"wp:attachment":[{"href":"https:\/\/blogdorogeriogomes.com.br\/noticias\/wp-json\/wp\/v2\/media?parent=27143"}],"wp:term":[{"taxonomy":"category","embeddable":true,"href":"https:\/\/blogdorogeriogomes.com.br\/noticias\/wp-json\/wp\/v2\/categories?post=27143"},{"taxonomy":"post_tag","embeddable":true,"href":"https:\/\/blogdorogeriogomes.com.br\/noticias\/wp-json\/wp\/v2\/tags?post=27143"}],"curies":[{"name":"wp","href":"https:\/\/api.w.org\/{rel}","templated":true}]}}