{"id":27154,"date":"2022-10-07T12:19:18","date_gmt":"2022-10-07T12:19:18","guid":{"rendered":"https:\/\/blogdorogeriogomes.com.br\/?p=27154"},"modified":"2022-10-07T18:13:55","modified_gmt":"2022-10-07T18:13:55","slug":"comecou-a-propaganda-eleitoral-do-2-turno-e-tem-debate-presidencial-no-proximo-dia-16","status":"publish","type":"post","link":"https:\/\/blogdorogeriogomes.com.br\/noticias\/2022\/10\/comecou-a-propaganda-eleitoral-do-2-turno-e-tem-debate-presidencial-no-proximo-dia-16\/","title":{"rendered":"Come\u00e7ou a propaganda eleitoral do 2\u00b0 turno e tem debate presidencial no pr\u00f3ximo dia 16"},"content":{"rendered":"\n<p>A propaganda eleitoral gratuita no R\u00e1dio e TV para o 2\u00b0 turno das elei\u00e7\u00f5es presidenciais come\u00e7ou nesta sexta-feira, dia 7 de outubro. E as emissoras j\u00e1 est\u00e3o marcando os debates entre os candidatos Lula (PT) e Bolsonaro (PL).<\/p>\n\n\n\n<p>Os jornais Folha de S.Paulo, UOL, TV Bandeirantes e TV Cultura definiram o dia 16 de outubro como a data do primeiro debate entre os candidatos \u00e0 Presid\u00eancia da Rep\u00fablica no 2\u00b0 turno. O petista e o candidato \u00e0 reelei\u00e7\u00e3o v\u00e3o estar frente \u00e0 frente a partir das 20 horas em um domingo.&nbsp;<\/p>\n\n\n\n<p>O ex-presidente Lula teve 48% dos votos v\u00e1lidos (57,2 milh\u00f5es) no primeiro turno e Bolsonaro, 43% (51 milh\u00f5es). A vota\u00e7\u00e3o no 2\u00b0 turno das elei\u00e7\u00f5es presidenciais acontece no dia 30 de outubro.<\/p>\n\n\n\n<figure class=\"wp-block-image size-full\"><img loading=\"lazy\" decoding=\"async\" width=\"729\" height=\"421\" src=\"https:\/\/blogdorogeriogomes.com.br\/wp-content\/uploads\/2022\/10\/images-35.jpeg\" alt=\"\" class=\"wp-image-27155\" srcset=\"https:\/\/blogdorogeriogomes.com.br\/noticias\/wp-content\/uploads\/2022\/10\/images-35.jpeg 729w, https:\/\/blogdorogeriogomes.com.br\/noticias\/wp-content\/uploads\/2022\/10\/images-35-300x173.jpeg 300w\" sizes=\"auto, (max-width: 729px) 100vw, 729px\" \/><\/figure>\n","protected":false},"excerpt":{"rendered":"<p>A propaganda eleitoral gratuita no R\u00e1dio e TV para o 2\u00b0 turno das elei\u00e7\u00f5es presidenciais come\u00e7ou nesta sexta-feira, dia 7 de outubro. E as emissoras j\u00e1 est\u00e3o marcando os debates entre os candidatos Lula (PT) e Bolsonaro (PL). Os jornais Folha de S.Paulo, UOL, TV Bandeirantes e TV Cultura definiram o dia 16 de outubro como a data do primeiro debate entre os candidatos \u00e0 Presid\u00eancia da Rep\u00fablica no 2\u00b0 turno. O petista e o candidato \u00e0 reelei\u00e7\u00e3o v\u00e3o&hellip;<\/p>\n","protected":false},"author":1,"featured_media":27155,"comment_status":"open","ping_status":"open","sticky":false,"template":"","format":"standard","meta":{"footnotes":""},"categories":[1],"tags":[],"class_list":["post-27154","post","type-post","status-publish","format-standard","has-post-thumbnail","hentry","category-noticias"],"_links":{"self":[{"href":"https:\/\/blogdorogeriogomes.com.br\/noticias\/wp-json\/wp\/v2\/posts\/27154","targetHints":{"allow":["GET"]}}],"collection":[{"href":"https:\/\/blogdorogeriogomes.com.br\/noticias\/wp-json\/wp\/v2\/posts"}],"about":[{"href":"https:\/\/blogdorogeriogomes.com.br\/noticias\/wp-json\/wp\/v2\/types\/post"}],"author":[{"embeddable":true,"href":"https:\/\/blogdorogeriogomes.com.br\/noticias\/wp-json\/wp\/v2\/users\/1"}],"replies":[{"embeddable":true,"href":"https:\/\/blogdorogeriogomes.com.br\/noticias\/wp-json\/wp\/v2\/comments?post=27154"}],"version-history":[{"count":2,"href":"https:\/\/blogdorogeriogomes.com.br\/noticias\/wp-json\/wp\/v2\/posts\/27154\/revisions"}],"predecessor-version":[{"id":27164,"href":"https:\/\/blogdorogeriogomes.com.br\/noticias\/wp-json\/wp\/v2\/posts\/27154\/revisions\/27164"}],"wp:featuredmedia":[{"embeddable":true,"href":"https:\/\/blogdorogeriogomes.com.br\/noticias\/wp-json\/wp\/v2\/media\/27155"}],"wp:attachment":[{"href":"https:\/\/blogdorogeriogomes.com.br\/noticias\/wp-json\/wp\/v2\/media?parent=27154"}],"wp:term":[{"taxonomy":"category","embeddable":true,"href":"https:\/\/blogdorogeriogomes.com.br\/noticias\/wp-json\/wp\/v2\/categories?post=27154"},{"taxonomy":"post_tag","embeddable":true,"href":"https:\/\/blogdorogeriogomes.com.br\/noticias\/wp-json\/wp\/v2\/tags?post=27154"}],"curies":[{"name":"wp","href":"https:\/\/api.w.org\/{rel}","templated":true}]}}