{"id":27173,"date":"2022-10-10T11:08:48","date_gmt":"2022-10-10T11:08:48","guid":{"rendered":"https:\/\/blogdorogeriogomes.com.br\/?p=27173"},"modified":"2022-10-14T21:22:45","modified_gmt":"2022-10-14T21:22:45","slug":"vereadores-de-fortaleza-iniciam-articulacao-de-olho-nas-eleicoes-para-o-sucessor-do-presidente-antonio-henrique","status":"publish","type":"post","link":"https:\/\/blogdorogeriogomes.com.br\/noticias\/2022\/10\/vereadores-de-fortaleza-iniciam-articulacao-de-olho-nas-eleicoes-para-o-sucessor-do-presidente-antonio-henrique\/","title":{"rendered":"Vereadores de Fortaleza iniciam articula\u00e7\u00e3o de olho nas elei\u00e7\u00f5es para o sucessor do presidente Ant\u00f4nio Henrique"},"content":{"rendered":"\n<p>O atual presidente da C\u00e2mara Municipal de Fortaleza Ant\u00f4nio Henrique (PDT) foi eleito deputado estadual no 1\u00b0 turno. Vai assumir o novo mandato no in\u00edcio de 2023. Mas no come\u00e7o de dezembro, acontecer\u00e1 a elei\u00e7\u00e3o para a presid\u00eancia da C\u00e2mara e os vereadores da Capital j\u00e1 se articulam para indicar quem dever\u00e1 comandar os destinos do Poder Legislativo municipal pelos pr\u00f3ximos dois anos.<\/p>\n\n\n\n<p>O PDT, que \u00e9 o partido do atual prefeito Jos\u00e9 Sarto, tem a maior bancada na C\u00e2mara Municipal de Fortaleza. Quer manter a presid\u00eancia do Legislativo. O mais cotado para representar o partido nas articula\u00e7\u00f5es pol\u00edticas \u00e9 o atual l\u00edder do  prefeito, Gardel Rolim. Quem tamb\u00e9m est\u00e1 na corrida pela presid\u00eancia da Casa \u00e9 o atual vice Adail J\u00fanior. <\/p>\n\n\n\n<p>O presidente Ant\u00f4nio Henrique e o prefeito Jos\u00e9 Sarto devem participar diretamente das negocia\u00e7\u00f5es. PT e PL devem tamb\u00e9m ter influ\u00eancia na escolha. A expectativa \u00e9 que o novo presidente da C\u00e2mara Municipal de Fortaleza seja escolhido na forma de consenso.<\/p>\n\n\n\n<figure class=\"wp-block-image size-full\"><img loading=\"lazy\" decoding=\"async\" width=\"678\" height=\"452\" src=\"https:\/\/blogdorogeriogomes.com.br\/wp-content\/uploads\/2022\/10\/images-37.jpeg\" alt=\"\" class=\"wp-image-27174\" srcset=\"https:\/\/blogdorogeriogomes.com.br\/noticias\/wp-content\/uploads\/2022\/10\/images-37.jpeg 678w, https:\/\/blogdorogeriogomes.com.br\/noticias\/wp-content\/uploads\/2022\/10\/images-37-300x200.jpeg 300w\" sizes=\"auto, (max-width: 678px) 100vw, 678px\" \/><\/figure>\n","protected":false},"excerpt":{"rendered":"<p>O atual presidente da C\u00e2mara Municipal de Fortaleza Ant\u00f4nio Henrique (PDT) foi eleito deputado estadual no 1\u00b0 turno. Vai assumir o novo mandato no in\u00edcio de 2023. Mas no come\u00e7o de dezembro, acontecer\u00e1 a elei\u00e7\u00e3o para a presid\u00eancia da C\u00e2mara e os vereadores da Capital j\u00e1 se articulam para indicar quem dever\u00e1 comandar os destinos do Poder Legislativo municipal pelos pr\u00f3ximos dois anos. O PDT, que \u00e9 o partido do atual prefeito Jos\u00e9 Sarto, tem a maior bancada na&hellip;<\/p>\n","protected":false},"author":1,"featured_media":27174,"comment_status":"open","ping_status":"open","sticky":false,"template":"","format":"standard","meta":{"footnotes":""},"categories":[1],"tags":[],"class_list":["post-27173","post","type-post","status-publish","format-standard","has-post-thumbnail","hentry","category-noticias"],"_links":{"self":[{"href":"https:\/\/blogdorogeriogomes.com.br\/noticias\/wp-json\/wp\/v2\/posts\/27173","targetHints":{"allow":["GET"]}}],"collection":[{"href":"https:\/\/blogdorogeriogomes.com.br\/noticias\/wp-json\/wp\/v2\/posts"}],"about":[{"href":"https:\/\/blogdorogeriogomes.com.br\/noticias\/wp-json\/wp\/v2\/types\/post"}],"author":[{"embeddable":true,"href":"https:\/\/blogdorogeriogomes.com.br\/noticias\/wp-json\/wp\/v2\/users\/1"}],"replies":[{"embeddable":true,"href":"https:\/\/blogdorogeriogomes.com.br\/noticias\/wp-json\/wp\/v2\/comments?post=27173"}],"version-history":[{"count":1,"href":"https:\/\/blogdorogeriogomes.com.br\/noticias\/wp-json\/wp\/v2\/posts\/27173\/revisions"}],"predecessor-version":[{"id":27175,"href":"https:\/\/blogdorogeriogomes.com.br\/noticias\/wp-json\/wp\/v2\/posts\/27173\/revisions\/27175"}],"wp:featuredmedia":[{"embeddable":true,"href":"https:\/\/blogdorogeriogomes.com.br\/noticias\/wp-json\/wp\/v2\/media\/27174"}],"wp:attachment":[{"href":"https:\/\/blogdorogeriogomes.com.br\/noticias\/wp-json\/wp\/v2\/media?parent=27173"}],"wp:term":[{"taxonomy":"category","embeddable":true,"href":"https:\/\/blogdorogeriogomes.com.br\/noticias\/wp-json\/wp\/v2\/categories?post=27173"},{"taxonomy":"post_tag","embeddable":true,"href":"https:\/\/blogdorogeriogomes.com.br\/noticias\/wp-json\/wp\/v2\/tags?post=27173"}],"curies":[{"name":"wp","href":"https:\/\/api.w.org\/{rel}","templated":true}]}}