{"id":27189,"date":"2022-10-11T00:28:51","date_gmt":"2022-10-11T00:28:51","guid":{"rendered":"https:\/\/blogdorogeriogomes.com.br\/?p=27189"},"modified":"2022-10-14T21:22:16","modified_gmt":"2022-10-14T21:22:16","slug":"elmano-camilo-izolda-e-cid-gomes-comandam-mobilizacao-de-prefeitos-no-ceara-em-prol-de-lula-no-2-turno","status":"publish","type":"post","link":"https:\/\/blogdorogeriogomes.com.br\/noticias\/2022\/10\/elmano-camilo-izolda-e-cid-gomes-comandam-mobilizacao-de-prefeitos-no-ceara-em-prol-de-lula-no-2-turno\/","title":{"rendered":"Elmano, Camilo, Izolda e Cid Gomes comandam mobiliza\u00e7\u00e3o de prefeitos no Cear\u00e1 em prol de Lula no 2\u00b0 turno"},"content":{"rendered":"\n<p>O governador eleito do Cear\u00e1, Elmano de Freitas, e o senador eleito Camilo Santana reuniram nesta segunda-feira, dia 10 de outubro, em Fortaleza, prefeitos e lideran\u00e7as pol\u00edticas para definir estrat\u00e9gias da campanha de Lula no 2\u00b0 turno no Cear\u00e1.<\/p>\n\n\n\n<p>Prefeitos de todo o Cear\u00e1, deputados federais e estaduais, al\u00e9m de v\u00e1rias lideran\u00e7as pol\u00edticas do interior participaram do encontro. Al\u00e9m de petistas, parlamentares do PDT marcaram presen\u00e7a na reuni\u00e3o convocada pelo governador eleito Elmano de Freitas e pelo senador eleito Camilo Santana. O senador pedetista Cid Gomes destacou que o momento \u00e9 de unir for\u00e7as pela elei\u00e7\u00e3o de Lula no 2\u00b0 turno. &#8220;N\u00e3o h\u00e1 condi\u00e7\u00f5es de o Brasil suportar mais quatro anos de um governo comandado por Bolsonaro &#8220;, destacou Cid Gomes.<\/p>\n\n\n\n<p>A governadora Izolda Cela prometeu se engajar na campanha no segundo turno com as mais variadas for\u00e7as pol\u00edticas. &#8220;Temos de lutar por Lula presidente que ser\u00e1 melhor para o nosso Cear\u00e1&#8221;, ressaltou Izolda Cela.<br>O encontro com as lideran\u00e7as pol\u00edticas teve um objetivo bem claro. Garantir apoio para uma nova vit\u00f3ria de Lula sobre Bolsonaro no Cear\u00e1 nesse 2\u00b0 turno e, de prefer\u00eancia, com uma vantagem ainda maior da que foi registrada no 1\u00b0 turno.<\/p>\n\n\n\n<p>Elmano de Freitas e Camilo Santana fizeram um apelo pelo engajamento de todos os aliados na campanha de Lula no Estado at\u00e9 o dia 30 de outubro, quando acontece a vota\u00e7\u00e3o do 2\u00b0 turno. &#8220;Vamos dar uma vantagem maior para Lula no Cear\u00e1 com a for\u00e7a de mobiliza\u00e7\u00e3o dos nossos prefeitos&#8221;, afirmou Elmano de Freitas.<\/p>\n\n\n\n<figure class=\"wp-block-image size-full\"><img loading=\"lazy\" decoding=\"async\" width=\"1024\" height=\"768\" src=\"https:\/\/blogdorogeriogomes.com.br\/wp-content\/uploads\/2022\/10\/WhatsApp-Image-2022-10-10-at-20.41.18.jpeg.webp\" alt=\"\" class=\"wp-image-27190\" srcset=\"https:\/\/blogdorogeriogomes.com.br\/noticias\/wp-content\/uploads\/2022\/10\/WhatsApp-Image-2022-10-10-at-20.41.18.jpeg.webp 1024w, https:\/\/blogdorogeriogomes.com.br\/noticias\/wp-content\/uploads\/2022\/10\/WhatsApp-Image-2022-10-10-at-20.41.18.jpeg-300x225.webp 300w, https:\/\/blogdorogeriogomes.com.br\/noticias\/wp-content\/uploads\/2022\/10\/WhatsApp-Image-2022-10-10-at-20.41.18.jpeg-768x576.webp 768w, https:\/\/blogdorogeriogomes.com.br\/noticias\/wp-content\/uploads\/2022\/10\/WhatsApp-Image-2022-10-10-at-20.41.18.jpeg-800x600.webp 800w, https:\/\/blogdorogeriogomes.com.br\/noticias\/wp-content\/uploads\/2022\/10\/WhatsApp-Image-2022-10-10-at-20.41.18.jpeg-400x300.webp 400w\" sizes=\"auto, (max-width: 1024px) 100vw, 1024px\" \/><\/figure>\n\n\n\n<p><\/p>\n","protected":false},"excerpt":{"rendered":"<p>O governador eleito do Cear\u00e1, Elmano de Freitas, e o senador eleito Camilo Santana reuniram nesta segunda-feira, dia 10 de outubro, em Fortaleza, prefeitos e lideran\u00e7as pol\u00edticas para definir estrat\u00e9gias da campanha de Lula no 2\u00b0 turno no Cear\u00e1. Prefeitos de todo o Cear\u00e1, deputados federais e estaduais, al\u00e9m de v\u00e1rias lideran\u00e7as pol\u00edticas do interior participaram do encontro. Al\u00e9m de petistas, parlamentares do PDT marcaram presen\u00e7a na reuni\u00e3o convocada pelo governador eleito Elmano de Freitas e pelo senador eleito&hellip;<\/p>\n","protected":false},"author":1,"featured_media":27190,"comment_status":"open","ping_status":"open","sticky":false,"template":"","format":"standard","meta":{"footnotes":""},"categories":[1],"tags":[],"class_list":["post-27189","post","type-post","status-publish","format-standard","has-post-thumbnail","hentry","category-noticias"],"_links":{"self":[{"href":"https:\/\/blogdorogeriogomes.com.br\/noticias\/wp-json\/wp\/v2\/posts\/27189","targetHints":{"allow":["GET"]}}],"collection":[{"href":"https:\/\/blogdorogeriogomes.com.br\/noticias\/wp-json\/wp\/v2\/posts"}],"about":[{"href":"https:\/\/blogdorogeriogomes.com.br\/noticias\/wp-json\/wp\/v2\/types\/post"}],"author":[{"embeddable":true,"href":"https:\/\/blogdorogeriogomes.com.br\/noticias\/wp-json\/wp\/v2\/users\/1"}],"replies":[{"embeddable":true,"href":"https:\/\/blogdorogeriogomes.com.br\/noticias\/wp-json\/wp\/v2\/comments?post=27189"}],"version-history":[{"count":1,"href":"https:\/\/blogdorogeriogomes.com.br\/noticias\/wp-json\/wp\/v2\/posts\/27189\/revisions"}],"predecessor-version":[{"id":27191,"href":"https:\/\/blogdorogeriogomes.com.br\/noticias\/wp-json\/wp\/v2\/posts\/27189\/revisions\/27191"}],"wp:featuredmedia":[{"embeddable":true,"href":"https:\/\/blogdorogeriogomes.com.br\/noticias\/wp-json\/wp\/v2\/media\/27190"}],"wp:attachment":[{"href":"https:\/\/blogdorogeriogomes.com.br\/noticias\/wp-json\/wp\/v2\/media?parent=27189"}],"wp:term":[{"taxonomy":"category","embeddable":true,"href":"https:\/\/blogdorogeriogomes.com.br\/noticias\/wp-json\/wp\/v2\/categories?post=27189"},{"taxonomy":"post_tag","embeddable":true,"href":"https:\/\/blogdorogeriogomes.com.br\/noticias\/wp-json\/wp\/v2\/tags?post=27189"}],"curies":[{"name":"wp","href":"https:\/\/api.w.org\/{rel}","templated":true}]}}