{"id":27197,"date":"2022-10-11T12:28:24","date_gmt":"2022-10-11T12:28:24","guid":{"rendered":"https:\/\/blogdorogeriogomes.com.br\/?p=27197"},"modified":"2022-10-14T21:21:55","modified_gmt":"2022-10-14T21:21:55","slug":"bolsonaro-tenta-barrar-investigacoes-no-stf-com-ameacas-de-ampliar-numero-de-ministros","status":"publish","type":"post","link":"https:\/\/blogdorogeriogomes.com.br\/noticias\/2022\/10\/bolsonaro-tenta-barrar-investigacoes-no-stf-com-ameacas-de-ampliar-numero-de-ministros\/","title":{"rendered":"Bolsonaro tenta barrar investiga\u00e7\u00f5es no STF com amea\u00e7as de ampliar n\u00famero de ministros"},"content":{"rendered":"\n<p>O presidente Jair Bolsonaro, candidato \u00e0 reelei\u00e7\u00e3o pelo PL, deixou clara a inten\u00e7\u00e3o de ampliar o n\u00famero de ministros do Supremo Tribunal Federal (STF) de 11 para 16. A ideia s\u00f3 foi implementada uma vez no per\u00edodo da Ditadura Militar. Na verdade, Bolsonaro tenta frear o STF em investiga\u00e7\u00f5es contra ele e a fam\u00edlia. Quer a todo custo ter a maioria de ministros do Supremo indicados por ele para evitar dissabores ao Pal\u00e1cio do Planalto.<\/p>\n\n\n\n<p>A proposta de expans\u00e3o do n\u00famero de ministros do STF esbarra em entendimentos de que alterar a composi\u00e7\u00e3o da corte contraria cl\u00e1usula p\u00e9trea da Constitui\u00e7\u00e3o, que n\u00e3o pode ser modificada por emenda do Legislativo.<\/p>\n\n\n\n<p>Especialistas em Direito avaliam que a medida defendida por Bolsonaro seria um verdadeiro golpe contra o STF, decis\u00e3o que, em outros pa\u00edses, em geral antecedeu a forma\u00e7\u00e3o de regimes autorit\u00e1rios.<\/p>\n\n\n\n<p>Em tempo: aliados de Jair Bolsonaro no Cear\u00e1 confirmam sua vinda ao Cear\u00e1, no pr\u00f3ximo s\u00e1bado, dia 15 de outubro. O atual presidente tenta diminuir a desvantagem para Lula (PT) na vota\u00e7\u00e3o registrada no 1\u00b0 turno das elei\u00e7\u00f5es.<\/p>\n\n\n\n<figure class=\"wp-block-image size-full\"><img loading=\"lazy\" decoding=\"async\" width=\"1024\" height=\"683\" src=\"https:\/\/blogdorogeriogomes.com.br\/wp-content\/uploads\/2022\/10\/166022805262f511d4ac719_1660228052_3x2_lg.jpg\" alt=\"\" class=\"wp-image-27198\" srcset=\"https:\/\/blogdorogeriogomes.com.br\/noticias\/wp-content\/uploads\/2022\/10\/166022805262f511d4ac719_1660228052_3x2_lg.jpg 1024w, https:\/\/blogdorogeriogomes.com.br\/noticias\/wp-content\/uploads\/2022\/10\/166022805262f511d4ac719_1660228052_3x2_lg-300x200.jpg 300w, https:\/\/blogdorogeriogomes.com.br\/noticias\/wp-content\/uploads\/2022\/10\/166022805262f511d4ac719_1660228052_3x2_lg-768x512.jpg 768w, https:\/\/blogdorogeriogomes.com.br\/noticias\/wp-content\/uploads\/2022\/10\/166022805262f511d4ac719_1660228052_3x2_lg-800x534.jpg 800w\" sizes=\"auto, (max-width: 1024px) 100vw, 1024px\" \/><\/figure>\n\n\n\n<p><br><\/p>\n","protected":false},"excerpt":{"rendered":"<p>O presidente Jair Bolsonaro, candidato \u00e0 reelei\u00e7\u00e3o pelo PL, deixou clara a inten\u00e7\u00e3o de ampliar o n\u00famero de ministros do Supremo Tribunal Federal (STF) de 11 para 16. A ideia s\u00f3 foi implementada uma vez no per\u00edodo da Ditadura Militar. Na verdade, Bolsonaro tenta frear o STF em investiga\u00e7\u00f5es contra ele e a fam\u00edlia. Quer a todo custo ter a maioria de ministros do Supremo indicados por ele para evitar dissabores ao Pal\u00e1cio do Planalto. A proposta de expans\u00e3o&hellip;<\/p>\n","protected":false},"author":1,"featured_media":27198,"comment_status":"open","ping_status":"open","sticky":false,"template":"","format":"standard","meta":{"footnotes":""},"categories":[1],"tags":[],"class_list":["post-27197","post","type-post","status-publish","format-standard","has-post-thumbnail","hentry","category-noticias"],"_links":{"self":[{"href":"https:\/\/blogdorogeriogomes.com.br\/noticias\/wp-json\/wp\/v2\/posts\/27197","targetHints":{"allow":["GET"]}}],"collection":[{"href":"https:\/\/blogdorogeriogomes.com.br\/noticias\/wp-json\/wp\/v2\/posts"}],"about":[{"href":"https:\/\/blogdorogeriogomes.com.br\/noticias\/wp-json\/wp\/v2\/types\/post"}],"author":[{"embeddable":true,"href":"https:\/\/blogdorogeriogomes.com.br\/noticias\/wp-json\/wp\/v2\/users\/1"}],"replies":[{"embeddable":true,"href":"https:\/\/blogdorogeriogomes.com.br\/noticias\/wp-json\/wp\/v2\/comments?post=27197"}],"version-history":[{"count":1,"href":"https:\/\/blogdorogeriogomes.com.br\/noticias\/wp-json\/wp\/v2\/posts\/27197\/revisions"}],"predecessor-version":[{"id":27199,"href":"https:\/\/blogdorogeriogomes.com.br\/noticias\/wp-json\/wp\/v2\/posts\/27197\/revisions\/27199"}],"wp:featuredmedia":[{"embeddable":true,"href":"https:\/\/blogdorogeriogomes.com.br\/noticias\/wp-json\/wp\/v2\/media\/27198"}],"wp:attachment":[{"href":"https:\/\/blogdorogeriogomes.com.br\/noticias\/wp-json\/wp\/v2\/media?parent=27197"}],"wp:term":[{"taxonomy":"category","embeddable":true,"href":"https:\/\/blogdorogeriogomes.com.br\/noticias\/wp-json\/wp\/v2\/categories?post=27197"},{"taxonomy":"post_tag","embeddable":true,"href":"https:\/\/blogdorogeriogomes.com.br\/noticias\/wp-json\/wp\/v2\/tags?post=27197"}],"curies":[{"name":"wp","href":"https:\/\/api.w.org\/{rel}","templated":true}]}}