{"id":27205,"date":"2022-10-14T01:34:40","date_gmt":"2022-10-14T01:34:40","guid":{"rendered":"https:\/\/blogdorogeriogomes.com.br\/?p=27205"},"modified":"2022-10-14T21:21:28","modified_gmt":"2022-10-14T21:21:28","slug":"elmano-de-freitas-e-camilo-santana-esquentam-campanha-de-lula-no-interior-com-carreata-em-iguatu","status":"publish","type":"post","link":"https:\/\/blogdorogeriogomes.com.br\/noticias\/2022\/10\/elmano-de-freitas-e-camilo-santana-esquentam-campanha-de-lula-no-interior-com-carreata-em-iguatu\/","title":{"rendered":"Elmano de Freitas e Camilo Santana esquentam campanha de Lula no interior com carreata em Iguatu"},"content":{"rendered":"\n<p>O governador eleito Elmano de Freitas (PT) e o senador eleito Camilo Santana (PT) iniciaram uma s\u00e9rie de eventos no interior, nesta quinta-feira, dia 13 de outubro, para esquentar a campanha de Lula no 2\u00b0 turno. Acompanhados de v\u00e1rias lideran\u00e7as pol\u00edticas, Elmano e Camilo comandaram uma carreata em Iguatu, na Regi\u00e3o Centro-Sul.<\/p>\n\n\n\n<p>A meta \u00e9 promover carreatas em cidades de m\u00e9dio e grande porte no interior do Cear\u00e1. Camilo Santana e Elmano de Freitas querem aumentar o percentual de vota\u00e7\u00e3o do petista no Estado para 75%.<\/p>\n\n\n\n<p>Na campanha do 2\u00b0 turno, Lula n\u00e3o dever\u00e1 mais vir ao Cear\u00e1, mas o petista dever\u00e1 gravar depoimentos de apoio ao lado da governadora Izolda Cela e do senador Cid Gomes (PDT).<\/p>\n\n\n\n<figure class=\"wp-block-image size-full\"><img loading=\"lazy\" decoding=\"async\" width=\"682\" height=\"455\" src=\"https:\/\/blogdorogeriogomes.com.br\/wp-content\/uploads\/2022\/10\/IMG-20221013-WA0151.jpg\" alt=\"\" class=\"wp-image-27206\" srcset=\"https:\/\/blogdorogeriogomes.com.br\/noticias\/wp-content\/uploads\/2022\/10\/IMG-20221013-WA0151.jpg 682w, https:\/\/blogdorogeriogomes.com.br\/noticias\/wp-content\/uploads\/2022\/10\/IMG-20221013-WA0151-300x200.jpg 300w\" sizes=\"auto, (max-width: 682px) 100vw, 682px\" \/><\/figure>\n","protected":false},"excerpt":{"rendered":"<p>O governador eleito Elmano de Freitas (PT) e o senador eleito Camilo Santana (PT) iniciaram uma s\u00e9rie de eventos no interior, nesta quinta-feira, dia 13 de outubro, para esquentar a campanha de Lula no 2\u00b0 turno. Acompanhados de v\u00e1rias lideran\u00e7as pol\u00edticas, Elmano e Camilo comandaram uma carreata em Iguatu, na Regi\u00e3o Centro-Sul. A meta \u00e9 promover carreatas em cidades de m\u00e9dio e grande porte no interior do Cear\u00e1. Camilo Santana e Elmano de Freitas querem aumentar o percentual de&hellip;<\/p>\n","protected":false},"author":1,"featured_media":27206,"comment_status":"open","ping_status":"open","sticky":false,"template":"","format":"standard","meta":{"footnotes":""},"categories":[1],"tags":[],"class_list":["post-27205","post","type-post","status-publish","format-standard","has-post-thumbnail","hentry","category-noticias"],"_links":{"self":[{"href":"https:\/\/blogdorogeriogomes.com.br\/noticias\/wp-json\/wp\/v2\/posts\/27205","targetHints":{"allow":["GET"]}}],"collection":[{"href":"https:\/\/blogdorogeriogomes.com.br\/noticias\/wp-json\/wp\/v2\/posts"}],"about":[{"href":"https:\/\/blogdorogeriogomes.com.br\/noticias\/wp-json\/wp\/v2\/types\/post"}],"author":[{"embeddable":true,"href":"https:\/\/blogdorogeriogomes.com.br\/noticias\/wp-json\/wp\/v2\/users\/1"}],"replies":[{"embeddable":true,"href":"https:\/\/blogdorogeriogomes.com.br\/noticias\/wp-json\/wp\/v2\/comments?post=27205"}],"version-history":[{"count":1,"href":"https:\/\/blogdorogeriogomes.com.br\/noticias\/wp-json\/wp\/v2\/posts\/27205\/revisions"}],"predecessor-version":[{"id":27207,"href":"https:\/\/blogdorogeriogomes.com.br\/noticias\/wp-json\/wp\/v2\/posts\/27205\/revisions\/27207"}],"wp:featuredmedia":[{"embeddable":true,"href":"https:\/\/blogdorogeriogomes.com.br\/noticias\/wp-json\/wp\/v2\/media\/27206"}],"wp:attachment":[{"href":"https:\/\/blogdorogeriogomes.com.br\/noticias\/wp-json\/wp\/v2\/media?parent=27205"}],"wp:term":[{"taxonomy":"category","embeddable":true,"href":"https:\/\/blogdorogeriogomes.com.br\/noticias\/wp-json\/wp\/v2\/categories?post=27205"},{"taxonomy":"post_tag","embeddable":true,"href":"https:\/\/blogdorogeriogomes.com.br\/noticias\/wp-json\/wp\/v2\/tags?post=27205"}],"curies":[{"name":"wp","href":"https:\/\/api.w.org\/{rel}","templated":true}]}}