{"id":27238,"date":"2022-10-17T12:31:33","date_gmt":"2022-10-17T12:31:33","guid":{"rendered":"https:\/\/blogdorogeriogomes.com.br\/?p=27238"},"modified":"2022-10-17T19:08:46","modified_gmt":"2022-10-17T19:08:46","slug":"izolda-cela-grava-video-com-aliados-para-campanha-de-lula-no-parque-do-coco","status":"publish","type":"post","link":"https:\/\/blogdorogeriogomes.com.br\/noticias\/2022\/10\/izolda-cela-grava-video-com-aliados-para-campanha-de-lula-no-parque-do-coco\/","title":{"rendered":"Izolda Cela grava v\u00eddeo com aliados para campanha de Lula no Parque do Coc\u00f3"},"content":{"rendered":"\n<p>A governadora do Cear\u00e1 Izolda Cela gravou um v\u00eddeo, neste domingo, dia 16 de outubro, para a campanha do ex-presidente Lula para a Presid\u00eancia da Rep\u00fablica. Izolda Cela aparece cantando o jingle de Lula ao lado de aliados no Parque do Coc\u00f3. O governador eleito Elmano de Freitas (PT), o senador eleito Camilo Santana (PT) e o presidente da Assembleia Legislativa do Cear\u00e1, Evandro Leit\u00e3o (PDT) tamb\u00e9m participaram da grava\u00e7\u00e3o.<br>A meta da campanha de Lula no Cear\u00e1 \u00e9 aumentar a vantagem do petista sobre Jair Bolsonaro (PL) em rela\u00e7\u00e3o \u00e0 registrada no 1\u00b0 turno das elei\u00e7\u00f5es. Para o 2\u00b0 turno, a campanha petista quer Lula chegando aos 75% dos votos v\u00e1lidos no Cear\u00e1.<br>O senador Cid Gomes (PDT) que se engajou tamb\u00e9m na campanha de Lula no 2\u00b0 turno tamb\u00e9m deve gravar v\u00eddeo de apoio ao petista.<\/p>\n\n\n\n<figure class=\"wp-block-image size-full\"><img loading=\"lazy\" decoding=\"async\" width=\"548\" height=\"559\" src=\"https:\/\/blogdorogeriogomes.com.br\/wp-content\/uploads\/2022\/10\/IMG-20221017-WA0002.jpg\" alt=\"\" class=\"wp-image-27239\" srcset=\"https:\/\/blogdorogeriogomes.com.br\/noticias\/wp-content\/uploads\/2022\/10\/IMG-20221017-WA0002.jpg 548w, https:\/\/blogdorogeriogomes.com.br\/noticias\/wp-content\/uploads\/2022\/10\/IMG-20221017-WA0002-294x300.jpg 294w, https:\/\/blogdorogeriogomes.com.br\/noticias\/wp-content\/uploads\/2022\/10\/IMG-20221017-WA0002-50x52.jpg 50w\" sizes=\"auto, (max-width: 548px) 100vw, 548px\" \/><\/figure>\n","protected":false},"excerpt":{"rendered":"<p>A governadora do Cear\u00e1 Izolda Cela gravou um v\u00eddeo, neste domingo, dia 16 de outubro, para a campanha do ex-presidente Lula para a Presid\u00eancia da Rep\u00fablica. Izolda Cela aparece cantando o jingle de Lula ao lado de aliados no Parque do Coc\u00f3. O governador eleito Elmano de Freitas (PT), o senador eleito Camilo Santana (PT) e o presidente da Assembleia Legislativa do Cear\u00e1, Evandro Leit\u00e3o (PDT) tamb\u00e9m participaram da grava\u00e7\u00e3o.A meta da campanha de Lula no Cear\u00e1 \u00e9 aumentar&hellip;<\/p>\n","protected":false},"author":1,"featured_media":27239,"comment_status":"open","ping_status":"open","sticky":false,"template":"","format":"standard","meta":{"footnotes":""},"categories":[1],"tags":[],"class_list":["post-27238","post","type-post","status-publish","format-standard","has-post-thumbnail","hentry","category-noticias"],"_links":{"self":[{"href":"https:\/\/blogdorogeriogomes.com.br\/noticias\/wp-json\/wp\/v2\/posts\/27238","targetHints":{"allow":["GET"]}}],"collection":[{"href":"https:\/\/blogdorogeriogomes.com.br\/noticias\/wp-json\/wp\/v2\/posts"}],"about":[{"href":"https:\/\/blogdorogeriogomes.com.br\/noticias\/wp-json\/wp\/v2\/types\/post"}],"author":[{"embeddable":true,"href":"https:\/\/blogdorogeriogomes.com.br\/noticias\/wp-json\/wp\/v2\/users\/1"}],"replies":[{"embeddable":true,"href":"https:\/\/blogdorogeriogomes.com.br\/noticias\/wp-json\/wp\/v2\/comments?post=27238"}],"version-history":[{"count":1,"href":"https:\/\/blogdorogeriogomes.com.br\/noticias\/wp-json\/wp\/v2\/posts\/27238\/revisions"}],"predecessor-version":[{"id":27240,"href":"https:\/\/blogdorogeriogomes.com.br\/noticias\/wp-json\/wp\/v2\/posts\/27238\/revisions\/27240"}],"wp:featuredmedia":[{"embeddable":true,"href":"https:\/\/blogdorogeriogomes.com.br\/noticias\/wp-json\/wp\/v2\/media\/27239"}],"wp:attachment":[{"href":"https:\/\/blogdorogeriogomes.com.br\/noticias\/wp-json\/wp\/v2\/media?parent=27238"}],"wp:term":[{"taxonomy":"category","embeddable":true,"href":"https:\/\/blogdorogeriogomes.com.br\/noticias\/wp-json\/wp\/v2\/categories?post=27238"},{"taxonomy":"post_tag","embeddable":true,"href":"https:\/\/blogdorogeriogomes.com.br\/noticias\/wp-json\/wp\/v2\/tags?post=27238"}],"curies":[{"name":"wp","href":"https:\/\/api.w.org\/{rel}","templated":true}]}}