{"id":27271,"date":"2022-10-20T11:56:29","date_gmt":"2022-10-20T11:56:29","guid":{"rendered":"https:\/\/blogdorogeriogomes.com.br\/?p=27271"},"modified":"2022-10-20T16:24:24","modified_gmt":"2022-10-20T16:24:24","slug":"tse-reune-plataformas-para-combater-pratica-de-fake-news-no-2-turno-das-eleicoes","status":"publish","type":"post","link":"https:\/\/blogdorogeriogomes.com.br\/noticias\/2022\/10\/tse-reune-plataformas-para-combater-pratica-de-fake-news-no-2-turno-das-eleicoes\/","title":{"rendered":"TSE re\u00fane plataformas para combater pr\u00e1tica de fake news no 2\u00b0 turno das elei\u00e7\u00f5es"},"content":{"rendered":"\n<p>O ministro&nbsp;Alexandre de Moraes, presidente do&nbsp;Tribunal Superior Eleitoral (TSE), se reuniu nesta quarta-feira, dia 19 de outubro, em Bras\u00edlia, com representantes de diversas plataformas digitais para discutir o combate \u00e0s fake news nas elei\u00e7\u00f5es. Moraes promete medidas duras para quem difundir not\u00edcias falsas para favorecer candidatos durante a campanha do 2\u00b0 turno. A avalia\u00e7\u00e3o \u00e9 que a pr\u00e1tica de fake news aumentou na reta final da campanha.<br>O presidente Jair Bolsonaro (PL), que lidera as reclama\u00e7\u00f5es de not\u00edcias falsas no TSE, afirmou entender que h\u00e1 uma &#8220;potencializa\u00e7\u00e3o da censura&#8221; em raz\u00e3o das elei\u00e7\u00f5es e que a dissemina\u00e7\u00e3o de not\u00edcias falsas n\u00e3o pode ser punida &#8220;por n\u00e3o haver tipifica\u00e7\u00e3o&#8221; de crime.<br>Esta semana, a Justi\u00e7a Eleitoral determinou a perda de 184 inser\u00e7\u00f5es pela campanha de Jair Bolsonaro, que, at\u00e9 quinta-feira, dia 27, da pr\u00f3xima semana, quando termina o hor\u00e1rio eleitoral gratuito, ter\u00e1 de mostrar na TV o direito de resposta de Lula. Inicialmente, estavam programadas 400 inser\u00e7\u00f5es do atual ocupante do Planalto nos \u00faltimos oito dias antes do segundo turno, marcado para 30 de outubro. Agora ser\u00e3o 216.<\/p>\n\n\n\n<figure class=\"wp-block-image size-full\"><img loading=\"lazy\" decoding=\"async\" width=\"540\" height=\"304\" src=\"https:\/\/blogdorogeriogomes.com.br\/wp-content\/uploads\/2022\/10\/IMG-20221020-WA0002.jpg\" alt=\"\" class=\"wp-image-27272\" srcset=\"https:\/\/blogdorogeriogomes.com.br\/noticias\/wp-content\/uploads\/2022\/10\/IMG-20221020-WA0002.jpg 540w, https:\/\/blogdorogeriogomes.com.br\/noticias\/wp-content\/uploads\/2022\/10\/IMG-20221020-WA0002-300x169.jpg 300w\" sizes=\"auto, (max-width: 540px) 100vw, 540px\" \/><\/figure>\n","protected":false},"excerpt":{"rendered":"<p>O ministro&nbsp;Alexandre de Moraes, presidente do&nbsp;Tribunal Superior Eleitoral (TSE), se reuniu nesta quarta-feira, dia 19 de outubro, em Bras\u00edlia, com representantes de diversas plataformas digitais para discutir o combate \u00e0s fake news nas elei\u00e7\u00f5es. Moraes promete medidas duras para quem difundir not\u00edcias falsas para favorecer candidatos durante a campanha do 2\u00b0 turno. A avalia\u00e7\u00e3o \u00e9 que a pr\u00e1tica de fake news aumentou na reta final da campanha.O presidente Jair Bolsonaro (PL), que lidera as reclama\u00e7\u00f5es de not\u00edcias falsas no&hellip;<\/p>\n","protected":false},"author":1,"featured_media":27272,"comment_status":"open","ping_status":"open","sticky":false,"template":"","format":"standard","meta":{"footnotes":""},"categories":[1],"tags":[],"class_list":["post-27271","post","type-post","status-publish","format-standard","has-post-thumbnail","hentry","category-noticias"],"_links":{"self":[{"href":"https:\/\/blogdorogeriogomes.com.br\/noticias\/wp-json\/wp\/v2\/posts\/27271","targetHints":{"allow":["GET"]}}],"collection":[{"href":"https:\/\/blogdorogeriogomes.com.br\/noticias\/wp-json\/wp\/v2\/posts"}],"about":[{"href":"https:\/\/blogdorogeriogomes.com.br\/noticias\/wp-json\/wp\/v2\/types\/post"}],"author":[{"embeddable":true,"href":"https:\/\/blogdorogeriogomes.com.br\/noticias\/wp-json\/wp\/v2\/users\/1"}],"replies":[{"embeddable":true,"href":"https:\/\/blogdorogeriogomes.com.br\/noticias\/wp-json\/wp\/v2\/comments?post=27271"}],"version-history":[{"count":2,"href":"https:\/\/blogdorogeriogomes.com.br\/noticias\/wp-json\/wp\/v2\/posts\/27271\/revisions"}],"predecessor-version":[{"id":27277,"href":"https:\/\/blogdorogeriogomes.com.br\/noticias\/wp-json\/wp\/v2\/posts\/27271\/revisions\/27277"}],"wp:featuredmedia":[{"embeddable":true,"href":"https:\/\/blogdorogeriogomes.com.br\/noticias\/wp-json\/wp\/v2\/media\/27272"}],"wp:attachment":[{"href":"https:\/\/blogdorogeriogomes.com.br\/noticias\/wp-json\/wp\/v2\/media?parent=27271"}],"wp:term":[{"taxonomy":"category","embeddable":true,"href":"https:\/\/blogdorogeriogomes.com.br\/noticias\/wp-json\/wp\/v2\/categories?post=27271"},{"taxonomy":"post_tag","embeddable":true,"href":"https:\/\/blogdorogeriogomes.com.br\/noticias\/wp-json\/wp\/v2\/tags?post=27271"}],"curies":[{"name":"wp","href":"https:\/\/api.w.org\/{rel}","templated":true}]}}