{"id":27274,"date":"2022-10-20T11:58:57","date_gmt":"2022-10-20T11:58:57","guid":{"rendered":"https:\/\/blogdorogeriogomes.com.br\/?p=27274"},"modified":"2022-10-20T16:24:17","modified_gmt":"2022-10-20T16:24:17","slug":"governo-estadual-faz-reestruturacao-na-cagece-e-confirma-realizacao-de-concurso-publico","status":"publish","type":"post","link":"https:\/\/blogdorogeriogomes.com.br\/noticias\/2022\/10\/governo-estadual-faz-reestruturacao-na-cagece-e-confirma-realizacao-de-concurso-publico\/","title":{"rendered":"Governo Estadual faz reestrutura\u00e7\u00e3o na Cagece e confirma realiza\u00e7\u00e3o de concurso p\u00fablico"},"content":{"rendered":"\n<p>A governadora do Cear\u00e1 Izolda Cela assinou, nesta quarta-feira, dia 19 de outubro, a san\u00e7\u00e3o da lei da nova estrutura\u00e7\u00e3o da Companhia de \u00c1gua e Esgoto do Cear\u00e1 (Cagece). Com essa a\u00e7\u00e3o, que reorganiza cargos na companhia, se torna poss\u00edvel dar seguimento aos preparativos para o concurso p\u00fablico, que vai ofertar mais de 260 vagas.<br>O concurso, quando realizado, vai abrir cargos para o n\u00edvel t\u00e9cnico e n\u00edvel superior, tanto para a Fortaleza quanto para o interior do estado. Os sal\u00e1rios variam de R$ 4.297,30 a R$ 10.302,00.<\/p>\n\n\n\n<figure class=\"wp-block-image size-full\"><img loading=\"lazy\" decoding=\"async\" width=\"984\" height=\"554\" src=\"https:\/\/blogdorogeriogomes.com.br\/wp-content\/uploads\/2022\/10\/IMG-20221020-WA0003.jpg\" alt=\"\" class=\"wp-image-27275\" srcset=\"https:\/\/blogdorogeriogomes.com.br\/noticias\/wp-content\/uploads\/2022\/10\/IMG-20221020-WA0003.jpg 984w, https:\/\/blogdorogeriogomes.com.br\/noticias\/wp-content\/uploads\/2022\/10\/IMG-20221020-WA0003-300x169.jpg 300w, https:\/\/blogdorogeriogomes.com.br\/noticias\/wp-content\/uploads\/2022\/10\/IMG-20221020-WA0003-768x432.jpg 768w, https:\/\/blogdorogeriogomes.com.br\/noticias\/wp-content\/uploads\/2022\/10\/IMG-20221020-WA0003-800x450.jpg 800w\" sizes=\"auto, (max-width: 984px) 100vw, 984px\" \/><\/figure>\n","protected":false},"excerpt":{"rendered":"<p>A governadora do Cear\u00e1 Izolda Cela assinou, nesta quarta-feira, dia 19 de outubro, a san\u00e7\u00e3o da lei da nova estrutura\u00e7\u00e3o da Companhia de \u00c1gua e Esgoto do Cear\u00e1 (Cagece). Com essa a\u00e7\u00e3o, que reorganiza cargos na companhia, se torna poss\u00edvel dar seguimento aos preparativos para o concurso p\u00fablico, que vai ofertar mais de 260 vagas.O concurso, quando realizado, vai abrir cargos para o n\u00edvel t\u00e9cnico e n\u00edvel superior, tanto para a Fortaleza quanto para o interior do estado. Os&hellip;<\/p>\n","protected":false},"author":1,"featured_media":27275,"comment_status":"open","ping_status":"open","sticky":false,"template":"","format":"standard","meta":{"footnotes":""},"categories":[1],"tags":[],"class_list":["post-27274","post","type-post","status-publish","format-standard","has-post-thumbnail","hentry","category-noticias"],"_links":{"self":[{"href":"https:\/\/blogdorogeriogomes.com.br\/noticias\/wp-json\/wp\/v2\/posts\/27274","targetHints":{"allow":["GET"]}}],"collection":[{"href":"https:\/\/blogdorogeriogomes.com.br\/noticias\/wp-json\/wp\/v2\/posts"}],"about":[{"href":"https:\/\/blogdorogeriogomes.com.br\/noticias\/wp-json\/wp\/v2\/types\/post"}],"author":[{"embeddable":true,"href":"https:\/\/blogdorogeriogomes.com.br\/noticias\/wp-json\/wp\/v2\/users\/1"}],"replies":[{"embeddable":true,"href":"https:\/\/blogdorogeriogomes.com.br\/noticias\/wp-json\/wp\/v2\/comments?post=27274"}],"version-history":[{"count":1,"href":"https:\/\/blogdorogeriogomes.com.br\/noticias\/wp-json\/wp\/v2\/posts\/27274\/revisions"}],"predecessor-version":[{"id":27276,"href":"https:\/\/blogdorogeriogomes.com.br\/noticias\/wp-json\/wp\/v2\/posts\/27274\/revisions\/27276"}],"wp:featuredmedia":[{"embeddable":true,"href":"https:\/\/blogdorogeriogomes.com.br\/noticias\/wp-json\/wp\/v2\/media\/27275"}],"wp:attachment":[{"href":"https:\/\/blogdorogeriogomes.com.br\/noticias\/wp-json\/wp\/v2\/media?parent=27274"}],"wp:term":[{"taxonomy":"category","embeddable":true,"href":"https:\/\/blogdorogeriogomes.com.br\/noticias\/wp-json\/wp\/v2\/categories?post=27274"},{"taxonomy":"post_tag","embeddable":true,"href":"https:\/\/blogdorogeriogomes.com.br\/noticias\/wp-json\/wp\/v2\/tags?post=27274"}],"curies":[{"name":"wp","href":"https:\/\/api.w.org\/{rel}","templated":true}]}}