{"id":27280,"date":"2022-10-21T00:08:23","date_gmt":"2022-10-21T00:08:23","guid":{"rendered":"https:\/\/blogdorogeriogomes.com.br\/?p=27280"},"modified":"2022-10-21T14:44:49","modified_gmt":"2022-10-21T14:44:49","slug":"instituto-atlantico-recebe-midia-cearense-na-comemoracao-dos-21-anos-de-atividades","status":"publish","type":"post","link":"https:\/\/blogdorogeriogomes.com.br\/noticias\/2022\/10\/instituto-atlantico-recebe-midia-cearense-na-comemoracao-dos-21-anos-de-atividades\/","title":{"rendered":"Instituto Atl\u00e2ntico recebe m\u00eddia cearense na comemora\u00e7\u00e3o dos 21 anos de atividades"},"content":{"rendered":"\n<p>O Instituto Atl\u00e2ntico, institui\u00e7\u00e3o de Ci\u00eancia e Tecnologia cearense, ofereceu almo\u00e7o \u00e0 imprensa, nesta quinta-feira, dia 20 de outubro, para apresentar as a\u00e7\u00f5es do seu planejamento para os pr\u00f3ximos cinco anos.<br>O Instituto Atl\u00e2ntico completa 21 anos de atividades no Cear\u00e1, que s\u00e3o voltadas para promo\u00e7\u00e3o da inova\u00e7\u00e3o, pesquisa e desenvolvimento por meio de tecnologias da informa\u00e7\u00e3o e comunica\u00e7\u00e3o.<\/p>\n\n\n\n<figure class=\"wp-block-image size-large\"><img loading=\"lazy\" decoding=\"async\" width=\"1024\" height=\"768\" src=\"https:\/\/blogdorogeriogomes.com.br\/wp-content\/uploads\/2022\/10\/IMG-20221020-WA0009-1024x768.jpg\" alt=\"\" class=\"wp-image-27281\" srcset=\"https:\/\/blogdorogeriogomes.com.br\/noticias\/wp-content\/uploads\/2022\/10\/IMG-20221020-WA0009-1024x768.jpg 1024w, https:\/\/blogdorogeriogomes.com.br\/noticias\/wp-content\/uploads\/2022\/10\/IMG-20221020-WA0009-300x225.jpg 300w, https:\/\/blogdorogeriogomes.com.br\/noticias\/wp-content\/uploads\/2022\/10\/IMG-20221020-WA0009-768x576.jpg 768w, https:\/\/blogdorogeriogomes.com.br\/noticias\/wp-content\/uploads\/2022\/10\/IMG-20221020-WA0009-1536x1152.jpg 1536w, https:\/\/blogdorogeriogomes.com.br\/noticias\/wp-content\/uploads\/2022\/10\/IMG-20221020-WA0009-800x600.jpg 800w, https:\/\/blogdorogeriogomes.com.br\/noticias\/wp-content\/uploads\/2022\/10\/IMG-20221020-WA0009-400x300.jpg 400w, https:\/\/blogdorogeriogomes.com.br\/noticias\/wp-content\/uploads\/2022\/10\/IMG-20221020-WA0009.jpg 1600w\" sizes=\"auto, (max-width: 1024px) 100vw, 1024px\" \/><\/figure>\n","protected":false},"excerpt":{"rendered":"<p>O Instituto Atl\u00e2ntico, institui\u00e7\u00e3o de Ci\u00eancia e Tecnologia cearense, ofereceu almo\u00e7o \u00e0 imprensa, nesta quinta-feira, dia 20 de outubro, para apresentar as a\u00e7\u00f5es do seu planejamento para os pr\u00f3ximos cinco anos.O Instituto Atl\u00e2ntico completa 21 anos de atividades no Cear\u00e1, que s\u00e3o voltadas para promo\u00e7\u00e3o da inova\u00e7\u00e3o, pesquisa e desenvolvimento por meio de tecnologias da informa\u00e7\u00e3o e comunica\u00e7\u00e3o.<\/p>\n","protected":false},"author":1,"featured_media":27281,"comment_status":"open","ping_status":"open","sticky":false,"template":"","format":"standard","meta":{"footnotes":""},"categories":[1],"tags":[],"class_list":["post-27280","post","type-post","status-publish","format-standard","has-post-thumbnail","hentry","category-noticias"],"_links":{"self":[{"href":"https:\/\/blogdorogeriogomes.com.br\/noticias\/wp-json\/wp\/v2\/posts\/27280","targetHints":{"allow":["GET"]}}],"collection":[{"href":"https:\/\/blogdorogeriogomes.com.br\/noticias\/wp-json\/wp\/v2\/posts"}],"about":[{"href":"https:\/\/blogdorogeriogomes.com.br\/noticias\/wp-json\/wp\/v2\/types\/post"}],"author":[{"embeddable":true,"href":"https:\/\/blogdorogeriogomes.com.br\/noticias\/wp-json\/wp\/v2\/users\/1"}],"replies":[{"embeddable":true,"href":"https:\/\/blogdorogeriogomes.com.br\/noticias\/wp-json\/wp\/v2\/comments?post=27280"}],"version-history":[{"count":1,"href":"https:\/\/blogdorogeriogomes.com.br\/noticias\/wp-json\/wp\/v2\/posts\/27280\/revisions"}],"predecessor-version":[{"id":27282,"href":"https:\/\/blogdorogeriogomes.com.br\/noticias\/wp-json\/wp\/v2\/posts\/27280\/revisions\/27282"}],"wp:featuredmedia":[{"embeddable":true,"href":"https:\/\/blogdorogeriogomes.com.br\/noticias\/wp-json\/wp\/v2\/media\/27281"}],"wp:attachment":[{"href":"https:\/\/blogdorogeriogomes.com.br\/noticias\/wp-json\/wp\/v2\/media?parent=27280"}],"wp:term":[{"taxonomy":"category","embeddable":true,"href":"https:\/\/blogdorogeriogomes.com.br\/noticias\/wp-json\/wp\/v2\/categories?post=27280"},{"taxonomy":"post_tag","embeddable":true,"href":"https:\/\/blogdorogeriogomes.com.br\/noticias\/wp-json\/wp\/v2\/tags?post=27280"}],"curies":[{"name":"wp","href":"https:\/\/api.w.org\/{rel}","templated":true}]}}