{"id":27286,"date":"2022-10-21T00:38:21","date_gmt":"2022-10-21T00:38:21","guid":{"rendered":"https:\/\/blogdorogeriogomes.com.br\/?p=27286"},"modified":"2022-10-21T14:44:18","modified_gmt":"2022-10-21T14:44:18","slug":"elmano-e-camilo-reunem-deputados-e-prefeitos-do-pdt-para-reforcar-a-campanha-de-lula-no-interior-do-ceara","status":"publish","type":"post","link":"https:\/\/blogdorogeriogomes.com.br\/noticias\/2022\/10\/elmano-e-camilo-reunem-deputados-e-prefeitos-do-pdt-para-reforcar-a-campanha-de-lula-no-interior-do-ceara\/","title":{"rendered":"Elmano e Camilo re\u00fanem deputados e prefeitos do PDT para refor\u00e7ar a campanha de Lula no interior do Cear\u00e1"},"content":{"rendered":"\n<p>O governador eleito Elmano de Freitas (PT) e o senador eleito Camilo Santana (PT) reuniram nesta quinta-feira, dia 20 de outubro, em Fortaleza, deputados federais e estaduais, al\u00e9m de prefeitos da base pedetista para refor\u00e7ar a reta final da campanha de Lula (PT) \u00e0 Presid\u00eancia da Rep\u00fablica no interior do Cear\u00e1.<br>&#8220;Estive com o governador Elmano, senador Cid Gomes, prefeito Ivo Gomes, deputados federais, estaduais, deputados eleitos e lideran\u00e7as pol\u00edticas do PDT. Refor\u00e7amos a import\u00e2ncia do engajamento de todos na elei\u00e7\u00e3o do presidente Lula, fundamental para a garantia da democracia e o desenvolvimento do nosso pa\u00eds&#8221;, ressaltou Camilo Santana.<br>A 10 dias da vota\u00e7\u00e3o no 2\u00b0 turno, a meta \u00e9 garantir uma vota\u00e7\u00e3o recorde ao petista no Cear\u00e1 contra o atual presidente Jair Bolsonaro.<\/p>\n\n\n\n<figure class=\"wp-block-image size-full\"><img loading=\"lazy\" decoding=\"async\" width=\"1024\" height=\"768\" src=\"https:\/\/blogdorogeriogomes.com.br\/wp-content\/uploads\/2022\/10\/IMG-20221020-WA0010.jpg\" alt=\"\" class=\"wp-image-27287\" srcset=\"https:\/\/blogdorogeriogomes.com.br\/noticias\/wp-content\/uploads\/2022\/10\/IMG-20221020-WA0010.jpg 1024w, https:\/\/blogdorogeriogomes.com.br\/noticias\/wp-content\/uploads\/2022\/10\/IMG-20221020-WA0010-300x225.jpg 300w, https:\/\/blogdorogeriogomes.com.br\/noticias\/wp-content\/uploads\/2022\/10\/IMG-20221020-WA0010-768x576.jpg 768w, https:\/\/blogdorogeriogomes.com.br\/noticias\/wp-content\/uploads\/2022\/10\/IMG-20221020-WA0010-800x600.jpg 800w, https:\/\/blogdorogeriogomes.com.br\/noticias\/wp-content\/uploads\/2022\/10\/IMG-20221020-WA0010-400x300.jpg 400w\" sizes=\"auto, (max-width: 1024px) 100vw, 1024px\" \/><\/figure>\n","protected":false},"excerpt":{"rendered":"<p>O governador eleito Elmano de Freitas (PT) e o senador eleito Camilo Santana (PT) reuniram nesta quinta-feira, dia 20 de outubro, em Fortaleza, deputados federais e estaduais, al\u00e9m de prefeitos da base pedetista para refor\u00e7ar a reta final da campanha de Lula (PT) \u00e0 Presid\u00eancia da Rep\u00fablica no interior do Cear\u00e1.&#8220;Estive com o governador Elmano, senador Cid Gomes, prefeito Ivo Gomes, deputados federais, estaduais, deputados eleitos e lideran\u00e7as pol\u00edticas do PDT. Refor\u00e7amos a import\u00e2ncia do engajamento de todos na&hellip;<\/p>\n","protected":false},"author":1,"featured_media":27287,"comment_status":"open","ping_status":"open","sticky":false,"template":"","format":"standard","meta":{"footnotes":""},"categories":[1],"tags":[],"class_list":["post-27286","post","type-post","status-publish","format-standard","has-post-thumbnail","hentry","category-noticias"],"_links":{"self":[{"href":"https:\/\/blogdorogeriogomes.com.br\/noticias\/wp-json\/wp\/v2\/posts\/27286","targetHints":{"allow":["GET"]}}],"collection":[{"href":"https:\/\/blogdorogeriogomes.com.br\/noticias\/wp-json\/wp\/v2\/posts"}],"about":[{"href":"https:\/\/blogdorogeriogomes.com.br\/noticias\/wp-json\/wp\/v2\/types\/post"}],"author":[{"embeddable":true,"href":"https:\/\/blogdorogeriogomes.com.br\/noticias\/wp-json\/wp\/v2\/users\/1"}],"replies":[{"embeddable":true,"href":"https:\/\/blogdorogeriogomes.com.br\/noticias\/wp-json\/wp\/v2\/comments?post=27286"}],"version-history":[{"count":1,"href":"https:\/\/blogdorogeriogomes.com.br\/noticias\/wp-json\/wp\/v2\/posts\/27286\/revisions"}],"predecessor-version":[{"id":27288,"href":"https:\/\/blogdorogeriogomes.com.br\/noticias\/wp-json\/wp\/v2\/posts\/27286\/revisions\/27288"}],"wp:featuredmedia":[{"embeddable":true,"href":"https:\/\/blogdorogeriogomes.com.br\/noticias\/wp-json\/wp\/v2\/media\/27287"}],"wp:attachment":[{"href":"https:\/\/blogdorogeriogomes.com.br\/noticias\/wp-json\/wp\/v2\/media?parent=27286"}],"wp:term":[{"taxonomy":"category","embeddable":true,"href":"https:\/\/blogdorogeriogomes.com.br\/noticias\/wp-json\/wp\/v2\/categories?post=27286"},{"taxonomy":"post_tag","embeddable":true,"href":"https:\/\/blogdorogeriogomes.com.br\/noticias\/wp-json\/wp\/v2\/tags?post=27286"}],"curies":[{"name":"wp","href":"https:\/\/api.w.org\/{rel}","templated":true}]}}