{"id":27290,"date":"2022-10-22T11:20:01","date_gmt":"2022-10-22T11:20:01","guid":{"rendered":"https:\/\/blogdorogeriogomes.com.br\/?p=27290"},"modified":"2022-10-24T11:02:35","modified_gmt":"2022-10-24T11:02:35","slug":"proposta-de-paulo-guedes-de-mexer-no-salario-minimo-gera-alerta-na-campanha-de-bolsonaro","status":"publish","type":"post","link":"https:\/\/blogdorogeriogomes.com.br\/noticias\/2022\/10\/proposta-de-paulo-guedes-de-mexer-no-salario-minimo-gera-alerta-na-campanha-de-bolsonaro\/","title":{"rendered":"Proposta de Paulo Guedes de mexer no sal\u00e1rio m\u00ednimo gera alerta na campanha de Bolsonaro"},"content":{"rendered":"\n<p>O ministro da Economia, Paulo Guedes, que conta com a recondu\u00e7\u00e3o para o cargo caso Bolsonaro seja reeleito, pretende&nbsp;acabar com a corre\u00e7\u00e3o do valor do sal\u00e1rio m\u00ednimo e da aposentadoria pela infla\u00e7\u00e3o passada. A not\u00edcia revelada em reportagem da Folha de S. Paulo gerou preocupa\u00e7\u00e3o no comando da campanha do presidente Jair Bolsonaro.<br>O pacote a ser anunciado ap\u00f3s o 2\u00b0 turno das elei\u00e7\u00f5es atinge diretamente aposentados, recebedores de benef\u00edcios sociais e trabalhadores ativos, que comp\u00f5em a parcela mais pobre da sociedade. Deve corroer a renda de pelo menos 75 milh\u00f5es de brasileiros.<br>O novo plano do ministro da Economia \u00e9 uma pedra no sapato do presidente Jair Bolsonaro diante do desgaste junto ao eleitorado pobre e um presente de campanha para Lula na reta final da campanha.<\/p>\n\n\n\n<figure class=\"wp-block-image size-full\"><img loading=\"lazy\" decoding=\"async\" width=\"414\" height=\"276\" src=\"https:\/\/blogdorogeriogomes.com.br\/wp-content\/uploads\/2022\/10\/IMG-20221021-WA0004.jpg\" alt=\"\" class=\"wp-image-27291\" srcset=\"https:\/\/blogdorogeriogomes.com.br\/noticias\/wp-content\/uploads\/2022\/10\/IMG-20221021-WA0004.jpg 414w, https:\/\/blogdorogeriogomes.com.br\/noticias\/wp-content\/uploads\/2022\/10\/IMG-20221021-WA0004-300x200.jpg 300w\" sizes=\"auto, (max-width: 414px) 100vw, 414px\" \/><\/figure>\n","protected":false},"excerpt":{"rendered":"<p>O ministro da Economia, Paulo Guedes, que conta com a recondu\u00e7\u00e3o para o cargo caso Bolsonaro seja reeleito, pretende&nbsp;acabar com a corre\u00e7\u00e3o do valor do sal\u00e1rio m\u00ednimo e da aposentadoria pela infla\u00e7\u00e3o passada. A not\u00edcia revelada em reportagem da Folha de S. Paulo gerou preocupa\u00e7\u00e3o no comando da campanha do presidente Jair Bolsonaro.O pacote a ser anunciado ap\u00f3s o 2\u00b0 turno das elei\u00e7\u00f5es atinge diretamente aposentados, recebedores de benef\u00edcios sociais e trabalhadores ativos, que comp\u00f5em a parcela mais pobre&hellip;<\/p>\n","protected":false},"author":1,"featured_media":27291,"comment_status":"open","ping_status":"open","sticky":false,"template":"","format":"standard","meta":{"footnotes":""},"categories":[1],"tags":[],"class_list":["post-27290","post","type-post","status-publish","format-standard","has-post-thumbnail","hentry","category-noticias"],"_links":{"self":[{"href":"https:\/\/blogdorogeriogomes.com.br\/noticias\/wp-json\/wp\/v2\/posts\/27290","targetHints":{"allow":["GET"]}}],"collection":[{"href":"https:\/\/blogdorogeriogomes.com.br\/noticias\/wp-json\/wp\/v2\/posts"}],"about":[{"href":"https:\/\/blogdorogeriogomes.com.br\/noticias\/wp-json\/wp\/v2\/types\/post"}],"author":[{"embeddable":true,"href":"https:\/\/blogdorogeriogomes.com.br\/noticias\/wp-json\/wp\/v2\/users\/1"}],"replies":[{"embeddable":true,"href":"https:\/\/blogdorogeriogomes.com.br\/noticias\/wp-json\/wp\/v2\/comments?post=27290"}],"version-history":[{"count":1,"href":"https:\/\/blogdorogeriogomes.com.br\/noticias\/wp-json\/wp\/v2\/posts\/27290\/revisions"}],"predecessor-version":[{"id":27292,"href":"https:\/\/blogdorogeriogomes.com.br\/noticias\/wp-json\/wp\/v2\/posts\/27290\/revisions\/27292"}],"wp:featuredmedia":[{"embeddable":true,"href":"https:\/\/blogdorogeriogomes.com.br\/noticias\/wp-json\/wp\/v2\/media\/27291"}],"wp:attachment":[{"href":"https:\/\/blogdorogeriogomes.com.br\/noticias\/wp-json\/wp\/v2\/media?parent=27290"}],"wp:term":[{"taxonomy":"category","embeddable":true,"href":"https:\/\/blogdorogeriogomes.com.br\/noticias\/wp-json\/wp\/v2\/categories?post=27290"},{"taxonomy":"post_tag","embeddable":true,"href":"https:\/\/blogdorogeriogomes.com.br\/noticias\/wp-json\/wp\/v2\/tags?post=27290"}],"curies":[{"name":"wp","href":"https:\/\/api.w.org\/{rel}","templated":true}]}}