{"id":27293,"date":"2022-10-22T11:22:11","date_gmt":"2022-10-22T11:22:11","guid":{"rendered":"https:\/\/blogdorogeriogomes.com.br\/?p=27293"},"modified":"2022-10-24T11:02:08","modified_gmt":"2022-10-24T11:02:08","slug":"lula-simone-tebet-e-marina-silva-reforcam-busca-por-votos-em-minas-gerais","status":"publish","type":"post","link":"https:\/\/blogdorogeriogomes.com.br\/noticias\/2022\/10\/lula-simone-tebet-e-marina-silva-reforcam-busca-por-votos-em-minas-gerais\/","title":{"rendered":"Lula, Simone Tebet e Marina Silva refor\u00e7am busca por votos em Minas Gerais"},"content":{"rendered":"\n<p>O candidato do PT \u00e0 presid\u00eancia, Luiz In\u00e1cio Lula da Silva, fez campanha nesta sexta-feira, dia 21 de outubro, em Minas Gerais. E contou com refor\u00e7os na busca pelo voto dos eleitores mineiros.<br>O petista fez passeata em Te\u00f3filo Otoni, no interior mineiro, ao lado da senadora Simone Tebet, que ficou em terceiro lugar no primeiro da elei\u00e7\u00e3o presidencial, e de Marina Silva (Rede), deputada federal eleita por S\u00e3o Paulo.<br>Em discurso, o ex-presidente defendeu a proposta de regulamentar a equipara\u00e7\u00e3o salarial de homens e mulheres que exercem a mesma fun\u00e7\u00e3o. Ele tamb\u00e9m criticou o governador reeleito de Minas Gerais, Romeu Zema (Novo), que no segundo turno declarou apoio ao presidente Jair Bolsonaro (PL).<\/p>\n\n\n\n<figure class=\"wp-block-image size-full\"><img loading=\"lazy\" decoding=\"async\" width=\"984\" height=\"738\" src=\"https:\/\/blogdorogeriogomes.com.br\/wp-content\/uploads\/2022\/10\/IMG-20221021-WA0007.jpg\" alt=\"\" class=\"wp-image-27294\" srcset=\"https:\/\/blogdorogeriogomes.com.br\/noticias\/wp-content\/uploads\/2022\/10\/IMG-20221021-WA0007.jpg 984w, https:\/\/blogdorogeriogomes.com.br\/noticias\/wp-content\/uploads\/2022\/10\/IMG-20221021-WA0007-300x225.jpg 300w, https:\/\/blogdorogeriogomes.com.br\/noticias\/wp-content\/uploads\/2022\/10\/IMG-20221021-WA0007-768x576.jpg 768w, https:\/\/blogdorogeriogomes.com.br\/noticias\/wp-content\/uploads\/2022\/10\/IMG-20221021-WA0007-800x600.jpg 800w, https:\/\/blogdorogeriogomes.com.br\/noticias\/wp-content\/uploads\/2022\/10\/IMG-20221021-WA0007-400x300.jpg 400w\" sizes=\"auto, (max-width: 984px) 100vw, 984px\" \/><\/figure>\n","protected":false},"excerpt":{"rendered":"<p>O candidato do PT \u00e0 presid\u00eancia, Luiz In\u00e1cio Lula da Silva, fez campanha nesta sexta-feira, dia 21 de outubro, em Minas Gerais. E contou com refor\u00e7os na busca pelo voto dos eleitores mineiros.O petista fez passeata em Te\u00f3filo Otoni, no interior mineiro, ao lado da senadora Simone Tebet, que ficou em terceiro lugar no primeiro da elei\u00e7\u00e3o presidencial, e de Marina Silva (Rede), deputada federal eleita por S\u00e3o Paulo.Em discurso, o ex-presidente defendeu a proposta de regulamentar a equipara\u00e7\u00e3o&hellip;<\/p>\n","protected":false},"author":1,"featured_media":27294,"comment_status":"open","ping_status":"open","sticky":false,"template":"","format":"standard","meta":{"footnotes":""},"categories":[1],"tags":[],"class_list":["post-27293","post","type-post","status-publish","format-standard","has-post-thumbnail","hentry","category-noticias"],"_links":{"self":[{"href":"https:\/\/blogdorogeriogomes.com.br\/noticias\/wp-json\/wp\/v2\/posts\/27293","targetHints":{"allow":["GET"]}}],"collection":[{"href":"https:\/\/blogdorogeriogomes.com.br\/noticias\/wp-json\/wp\/v2\/posts"}],"about":[{"href":"https:\/\/blogdorogeriogomes.com.br\/noticias\/wp-json\/wp\/v2\/types\/post"}],"author":[{"embeddable":true,"href":"https:\/\/blogdorogeriogomes.com.br\/noticias\/wp-json\/wp\/v2\/users\/1"}],"replies":[{"embeddable":true,"href":"https:\/\/blogdorogeriogomes.com.br\/noticias\/wp-json\/wp\/v2\/comments?post=27293"}],"version-history":[{"count":1,"href":"https:\/\/blogdorogeriogomes.com.br\/noticias\/wp-json\/wp\/v2\/posts\/27293\/revisions"}],"predecessor-version":[{"id":27295,"href":"https:\/\/blogdorogeriogomes.com.br\/noticias\/wp-json\/wp\/v2\/posts\/27293\/revisions\/27295"}],"wp:featuredmedia":[{"embeddable":true,"href":"https:\/\/blogdorogeriogomes.com.br\/noticias\/wp-json\/wp\/v2\/media\/27294"}],"wp:attachment":[{"href":"https:\/\/blogdorogeriogomes.com.br\/noticias\/wp-json\/wp\/v2\/media?parent=27293"}],"wp:term":[{"taxonomy":"category","embeddable":true,"href":"https:\/\/blogdorogeriogomes.com.br\/noticias\/wp-json\/wp\/v2\/categories?post=27293"},{"taxonomy":"post_tag","embeddable":true,"href":"https:\/\/blogdorogeriogomes.com.br\/noticias\/wp-json\/wp\/v2\/tags?post=27293"}],"curies":[{"name":"wp","href":"https:\/\/api.w.org\/{rel}","templated":true}]}}