{"id":27296,"date":"2022-10-22T11:24:49","date_gmt":"2022-10-22T11:24:49","guid":{"rendered":"https:\/\/blogdorogeriogomes.com.br\/?p=27296"},"modified":"2022-10-24T11:01:57","modified_gmt":"2022-10-24T11:01:57","slug":"izolda-cela-lanca-video-com-lula-nas-redes-sociais-e-reune-deputados-para-reta-final-da-campanha-petista","status":"publish","type":"post","link":"https:\/\/blogdorogeriogomes.com.br\/noticias\/2022\/10\/izolda-cela-lanca-video-com-lula-nas-redes-sociais-e-reune-deputados-para-reta-final-da-campanha-petista\/","title":{"rendered":"Izolda Cela lan\u00e7a v\u00eddeo com Lula nas redes sociais e re\u00fane deputados para reta final da campanha petista"},"content":{"rendered":"\n<p>A governadora do Cear\u00e1, Izolda Cela, lan\u00e7ou neste s\u00e1bado, dia 22 de outubro, um v\u00eddeo ao lado do ex-presidente Lula (PT) onde confirma seu apoio ao petista no 2\u00b0 turno das elei\u00e7\u00f5es presidenciais e recebe tamb\u00e9m muitos elogios pelo seu trabalho pela educa\u00e7\u00e3o p\u00fablica.<br>Na sexta-feira, dia 21, Izolda Cela se reuniu no Pal\u00e1cio da Aboli\u00e7\u00e3o com o governador eleito Elmano de Freitas, senador Cid Gomes, senador eleito Camilo Santana, presidente da Assembleia Legislativa, Evandro Leit\u00e3o, e quase 50 deputados estaduais, federais, deputados eleitos e lideran\u00e7as pol\u00edticas de v\u00e1rios partidos. &#8220;Reafirmamos a import\u00e2ncia do engajamento de todos na campanha do presidente Lula. Pelo bem do nosso Cear\u00e1 e do pa\u00eds, \u00e9 Lula presidente&#8221;, ressaltou Izolda Cela.<\/p>\n\n\n\n<figure class=\"wp-block-image size-large\"><img loading=\"lazy\" decoding=\"async\" width=\"1024\" height=\"687\" src=\"https:\/\/blogdorogeriogomes.com.br\/wp-content\/uploads\/2022\/10\/IMG-20221022-WA0000-1024x687.jpg\" alt=\"\" class=\"wp-image-27297\" srcset=\"https:\/\/blogdorogeriogomes.com.br\/noticias\/wp-content\/uploads\/2022\/10\/IMG-20221022-WA0000-1024x687.jpg 1024w, https:\/\/blogdorogeriogomes.com.br\/noticias\/wp-content\/uploads\/2022\/10\/IMG-20221022-WA0000-300x201.jpg 300w, https:\/\/blogdorogeriogomes.com.br\/noticias\/wp-content\/uploads\/2022\/10\/IMG-20221022-WA0000-768x516.jpg 768w, https:\/\/blogdorogeriogomes.com.br\/noticias\/wp-content\/uploads\/2022\/10\/IMG-20221022-WA0000-800x537.jpg 800w, https:\/\/blogdorogeriogomes.com.br\/noticias\/wp-content\/uploads\/2022\/10\/IMG-20221022-WA0000.jpg 1080w\" sizes=\"auto, (max-width: 1024px) 100vw, 1024px\" \/><\/figure>\n","protected":false},"excerpt":{"rendered":"<p>A governadora do Cear\u00e1, Izolda Cela, lan\u00e7ou neste s\u00e1bado, dia 22 de outubro, um v\u00eddeo ao lado do ex-presidente Lula (PT) onde confirma seu apoio ao petista no 2\u00b0 turno das elei\u00e7\u00f5es presidenciais e recebe tamb\u00e9m muitos elogios pelo seu trabalho pela educa\u00e7\u00e3o p\u00fablica.Na sexta-feira, dia 21, Izolda Cela se reuniu no Pal\u00e1cio da Aboli\u00e7\u00e3o com o governador eleito Elmano de Freitas, senador Cid Gomes, senador eleito Camilo Santana, presidente da Assembleia Legislativa, Evandro Leit\u00e3o, e quase 50 deputados&hellip;<\/p>\n","protected":false},"author":1,"featured_media":27297,"comment_status":"open","ping_status":"open","sticky":false,"template":"","format":"standard","meta":{"footnotes":""},"categories":[1],"tags":[],"class_list":["post-27296","post","type-post","status-publish","format-standard","has-post-thumbnail","hentry","category-noticias"],"_links":{"self":[{"href":"https:\/\/blogdorogeriogomes.com.br\/noticias\/wp-json\/wp\/v2\/posts\/27296","targetHints":{"allow":["GET"]}}],"collection":[{"href":"https:\/\/blogdorogeriogomes.com.br\/noticias\/wp-json\/wp\/v2\/posts"}],"about":[{"href":"https:\/\/blogdorogeriogomes.com.br\/noticias\/wp-json\/wp\/v2\/types\/post"}],"author":[{"embeddable":true,"href":"https:\/\/blogdorogeriogomes.com.br\/noticias\/wp-json\/wp\/v2\/users\/1"}],"replies":[{"embeddable":true,"href":"https:\/\/blogdorogeriogomes.com.br\/noticias\/wp-json\/wp\/v2\/comments?post=27296"}],"version-history":[{"count":1,"href":"https:\/\/blogdorogeriogomes.com.br\/noticias\/wp-json\/wp\/v2\/posts\/27296\/revisions"}],"predecessor-version":[{"id":27298,"href":"https:\/\/blogdorogeriogomes.com.br\/noticias\/wp-json\/wp\/v2\/posts\/27296\/revisions\/27298"}],"wp:featuredmedia":[{"embeddable":true,"href":"https:\/\/blogdorogeriogomes.com.br\/noticias\/wp-json\/wp\/v2\/media\/27297"}],"wp:attachment":[{"href":"https:\/\/blogdorogeriogomes.com.br\/noticias\/wp-json\/wp\/v2\/media?parent=27296"}],"wp:term":[{"taxonomy":"category","embeddable":true,"href":"https:\/\/blogdorogeriogomes.com.br\/noticias\/wp-json\/wp\/v2\/categories?post=27296"},{"taxonomy":"post_tag","embeddable":true,"href":"https:\/\/blogdorogeriogomes.com.br\/noticias\/wp-json\/wp\/v2\/tags?post=27296"}],"curies":[{"name":"wp","href":"https:\/\/api.w.org\/{rel}","templated":true}]}}