{"id":27302,"date":"2022-10-24T14:28:37","date_gmt":"2022-10-24T14:28:37","guid":{"rendered":"https:\/\/blogdorogeriogomes.com.br\/?p=27302"},"modified":"2022-10-25T11:55:10","modified_gmt":"2022-10-25T11:55:10","slug":"andre-figueiredo-vai-puxar-mobilizacao-no-pdt-estadual-por-voto-em-lula","status":"publish","type":"post","link":"https:\/\/blogdorogeriogomes.com.br\/noticias\/2022\/10\/andre-figueiredo-vai-puxar-mobilizacao-no-pdt-estadual-por-voto-em-lula\/","title":{"rendered":"Andr\u00e9 Figueiredo vai puxar mobiliza\u00e7\u00e3o no PDT estadual por voto em Lula"},"content":{"rendered":"\n<p>O PDT do Cear\u00e1 anuncia nesta ter\u00e7a-feira, \u00e0s 17 horas, em coletiva na sede do partido, uma mobiliza\u00e7\u00e3o pelo voto em Lula (PT) no 2\u00b0 turno das elei\u00e7\u00f5es contra Jair Bolsonaro (PL). Segundo o presidente estadual do PDT, o deputado federal reeleito Andr\u00e9 Figueiredo, o movimento \u00e9 chamado de &#8220;Sou Ciro e RC, t\u00f4 com Lula&#8221;.<br>Andr\u00e9 Figueiredo considera que o momento \u00e9 de mobiliza\u00e7\u00e3o para acabar com amea\u00e7as \u00e0 Democracia no Pa\u00eds. &#8220;Vamos mostrar que sempre defendemos e defenderemos a democracia e, claro, somos coerentes e leais com o nosso PDT&#8221;, ressaltou o dirigente pedetista.<br>A expectativa \u00e9 que cres\u00e7a a migra\u00e7\u00e3o de votos de eleitores de Ciro Gomes para Lula na vota\u00e7\u00e3o do 2\u00b0 turno, no pr\u00f3ximo domingo, dia 30 de outubro.<\/p>\n\n\n\n<figure class=\"wp-block-image size-full\"><img loading=\"lazy\" decoding=\"async\" width=\"640\" height=\"480\" src=\"https:\/\/blogdorogeriogomes.com.br\/wp-content\/uploads\/2022\/10\/IMG-20221024-WA0000.jpg\" alt=\"\" class=\"wp-image-27303\" srcset=\"https:\/\/blogdorogeriogomes.com.br\/noticias\/wp-content\/uploads\/2022\/10\/IMG-20221024-WA0000.jpg 640w, https:\/\/blogdorogeriogomes.com.br\/noticias\/wp-content\/uploads\/2022\/10\/IMG-20221024-WA0000-300x225.jpg 300w, https:\/\/blogdorogeriogomes.com.br\/noticias\/wp-content\/uploads\/2022\/10\/IMG-20221024-WA0000-400x300.jpg 400w\" sizes=\"auto, (max-width: 640px) 100vw, 640px\" \/><\/figure>\n","protected":false},"excerpt":{"rendered":"<p>O PDT do Cear\u00e1 anuncia nesta ter\u00e7a-feira, \u00e0s 17 horas, em coletiva na sede do partido, uma mobiliza\u00e7\u00e3o pelo voto em Lula (PT) no 2\u00b0 turno das elei\u00e7\u00f5es contra Jair Bolsonaro (PL). Segundo o presidente estadual do PDT, o deputado federal reeleito Andr\u00e9 Figueiredo, o movimento \u00e9 chamado de &#8220;Sou Ciro e RC, t\u00f4 com Lula&#8221;.Andr\u00e9 Figueiredo considera que o momento \u00e9 de mobiliza\u00e7\u00e3o para acabar com amea\u00e7as \u00e0 Democracia no Pa\u00eds. &#8220;Vamos mostrar que sempre defendemos e defenderemos&hellip;<\/p>\n","protected":false},"author":1,"featured_media":27303,"comment_status":"open","ping_status":"open","sticky":false,"template":"","format":"standard","meta":{"footnotes":""},"categories":[1],"tags":[],"class_list":["post-27302","post","type-post","status-publish","format-standard","has-post-thumbnail","hentry","category-noticias"],"_links":{"self":[{"href":"https:\/\/blogdorogeriogomes.com.br\/noticias\/wp-json\/wp\/v2\/posts\/27302","targetHints":{"allow":["GET"]}}],"collection":[{"href":"https:\/\/blogdorogeriogomes.com.br\/noticias\/wp-json\/wp\/v2\/posts"}],"about":[{"href":"https:\/\/blogdorogeriogomes.com.br\/noticias\/wp-json\/wp\/v2\/types\/post"}],"author":[{"embeddable":true,"href":"https:\/\/blogdorogeriogomes.com.br\/noticias\/wp-json\/wp\/v2\/users\/1"}],"replies":[{"embeddable":true,"href":"https:\/\/blogdorogeriogomes.com.br\/noticias\/wp-json\/wp\/v2\/comments?post=27302"}],"version-history":[{"count":1,"href":"https:\/\/blogdorogeriogomes.com.br\/noticias\/wp-json\/wp\/v2\/posts\/27302\/revisions"}],"predecessor-version":[{"id":27304,"href":"https:\/\/blogdorogeriogomes.com.br\/noticias\/wp-json\/wp\/v2\/posts\/27302\/revisions\/27304"}],"wp:featuredmedia":[{"embeddable":true,"href":"https:\/\/blogdorogeriogomes.com.br\/noticias\/wp-json\/wp\/v2\/media\/27303"}],"wp:attachment":[{"href":"https:\/\/blogdorogeriogomes.com.br\/noticias\/wp-json\/wp\/v2\/media?parent=27302"}],"wp:term":[{"taxonomy":"category","embeddable":true,"href":"https:\/\/blogdorogeriogomes.com.br\/noticias\/wp-json\/wp\/v2\/categories?post=27302"},{"taxonomy":"post_tag","embeddable":true,"href":"https:\/\/blogdorogeriogomes.com.br\/noticias\/wp-json\/wp\/v2\/tags?post=27302"}],"curies":[{"name":"wp","href":"https:\/\/api.w.org\/{rel}","templated":true}]}}