{"id":27305,"date":"2022-10-24T22:53:09","date_gmt":"2022-10-24T22:53:09","guid":{"rendered":"https:\/\/blogdorogeriogomes.com.br\/?p=27305"},"modified":"2022-10-25T11:54:46","modified_gmt":"2022-10-25T11:54:46","slug":"frente-reforca-combate-ao-assedio-eleitoral-de-empresas-na-campanha-do-2-turno","status":"publish","type":"post","link":"https:\/\/blogdorogeriogomes.com.br\/noticias\/2022\/10\/frente-reforca-combate-ao-assedio-eleitoral-de-empresas-na-campanha-do-2-turno\/","title":{"rendered":"Frente refor\u00e7a combate ao ass\u00e9dio eleitoral de empresas na campanha do 2\u00b0 turno"},"content":{"rendered":"\n<p>Frente formada pelo Minist\u00e9rio P\u00fablico do Trabalho, Minist\u00e9rio P\u00fablico e Defensoria P\u00fablica do Cear\u00e1 refor\u00e7am combate ao ass\u00e9dio eleitoral no ambiente de trabalho na reta final da campanha no 2\u00b0 turno.<br>Levantamento feito pelo Observat\u00f3rio da Intoler\u00e2ncia Pol\u00edtica e Ideol\u00f3gica do Cear\u00e1 mostra que foram registrados este ano pelo menos 14 den\u00fancias de ass\u00e9dio eleitoral no ambiente de trabalho no estado. No Minist\u00e9rio P\u00fablico do Trabalho foram 27. Os casos registrados v\u00e3o desde den\u00fancias de funcion\u00e1rios coagidos a votar em candidatos espec\u00edficos at\u00e9 registros de viol\u00eancia f\u00edsica e persegui\u00e7\u00e3o nas redes sociais. O ass\u00e9dio eleitoral tamb\u00e9m estendido \u00e0s igrejas.<br>Nos \u00faltimos dois anos, foram mapeados 523 casos de viol\u00eancia pol\u00edtica em todo o Pa\u00eds. Assediar funcion\u00e1rios pra votar em qualquer candidato \u00e9 considerado crime de coa\u00e7\u00e3o eleitoral. As empresas que assediam os funcion\u00e1rios e promovem amea\u00e7as de demiss\u00e3o est\u00e3o sujeitas at\u00e9 a multa.<\/p>\n\n\n\n<figure class=\"wp-block-image size-large\"><img loading=\"lazy\" decoding=\"async\" width=\"1024\" height=\"768\" src=\"https:\/\/blogdorogeriogomes.com.br\/wp-content\/uploads\/2022\/10\/IMG-20221024-WA0002-1024x768.jpg\" alt=\"\" class=\"wp-image-27306\" srcset=\"https:\/\/blogdorogeriogomes.com.br\/noticias\/wp-content\/uploads\/2022\/10\/IMG-20221024-WA0002-1024x768.jpg 1024w, https:\/\/blogdorogeriogomes.com.br\/noticias\/wp-content\/uploads\/2022\/10\/IMG-20221024-WA0002-300x225.jpg 300w, https:\/\/blogdorogeriogomes.com.br\/noticias\/wp-content\/uploads\/2022\/10\/IMG-20221024-WA0002-768x576.jpg 768w, https:\/\/blogdorogeriogomes.com.br\/noticias\/wp-content\/uploads\/2022\/10\/IMG-20221024-WA0002-1536x1152.jpg 1536w, https:\/\/blogdorogeriogomes.com.br\/noticias\/wp-content\/uploads\/2022\/10\/IMG-20221024-WA0002-800x600.jpg 800w, https:\/\/blogdorogeriogomes.com.br\/noticias\/wp-content\/uploads\/2022\/10\/IMG-20221024-WA0002-400x300.jpg 400w, https:\/\/blogdorogeriogomes.com.br\/noticias\/wp-content\/uploads\/2022\/10\/IMG-20221024-WA0002.jpg 1600w\" sizes=\"auto, (max-width: 1024px) 100vw, 1024px\" \/><\/figure>\n","protected":false},"excerpt":{"rendered":"<p>Frente formada pelo Minist\u00e9rio P\u00fablico do Trabalho, Minist\u00e9rio P\u00fablico e Defensoria P\u00fablica do Cear\u00e1 refor\u00e7am combate ao ass\u00e9dio eleitoral no ambiente de trabalho na reta final da campanha no 2\u00b0 turno.Levantamento feito pelo Observat\u00f3rio da Intoler\u00e2ncia Pol\u00edtica e Ideol\u00f3gica do Cear\u00e1 mostra que foram registrados este ano pelo menos 14 den\u00fancias de ass\u00e9dio eleitoral no ambiente de trabalho no estado. No Minist\u00e9rio P\u00fablico do Trabalho foram 27. Os casos registrados v\u00e3o desde den\u00fancias de funcion\u00e1rios coagidos a votar em&hellip;<\/p>\n","protected":false},"author":1,"featured_media":27306,"comment_status":"open","ping_status":"open","sticky":false,"template":"","format":"standard","meta":{"footnotes":""},"categories":[1],"tags":[],"class_list":["post-27305","post","type-post","status-publish","format-standard","has-post-thumbnail","hentry","category-noticias"],"_links":{"self":[{"href":"https:\/\/blogdorogeriogomes.com.br\/noticias\/wp-json\/wp\/v2\/posts\/27305","targetHints":{"allow":["GET"]}}],"collection":[{"href":"https:\/\/blogdorogeriogomes.com.br\/noticias\/wp-json\/wp\/v2\/posts"}],"about":[{"href":"https:\/\/blogdorogeriogomes.com.br\/noticias\/wp-json\/wp\/v2\/types\/post"}],"author":[{"embeddable":true,"href":"https:\/\/blogdorogeriogomes.com.br\/noticias\/wp-json\/wp\/v2\/users\/1"}],"replies":[{"embeddable":true,"href":"https:\/\/blogdorogeriogomes.com.br\/noticias\/wp-json\/wp\/v2\/comments?post=27305"}],"version-history":[{"count":2,"href":"https:\/\/blogdorogeriogomes.com.br\/noticias\/wp-json\/wp\/v2\/posts\/27305\/revisions"}],"predecessor-version":[{"id":27311,"href":"https:\/\/blogdorogeriogomes.com.br\/noticias\/wp-json\/wp\/v2\/posts\/27305\/revisions\/27311"}],"wp:featuredmedia":[{"embeddable":true,"href":"https:\/\/blogdorogeriogomes.com.br\/noticias\/wp-json\/wp\/v2\/media\/27306"}],"wp:attachment":[{"href":"https:\/\/blogdorogeriogomes.com.br\/noticias\/wp-json\/wp\/v2\/media?parent=27305"}],"wp:term":[{"taxonomy":"category","embeddable":true,"href":"https:\/\/blogdorogeriogomes.com.br\/noticias\/wp-json\/wp\/v2\/categories?post=27305"},{"taxonomy":"post_tag","embeddable":true,"href":"https:\/\/blogdorogeriogomes.com.br\/noticias\/wp-json\/wp\/v2\/tags?post=27305"}],"curies":[{"name":"wp","href":"https:\/\/api.w.org\/{rel}","templated":true}]}}