{"id":27315,"date":"2022-10-25T14:27:33","date_gmt":"2022-10-25T14:27:33","guid":{"rendered":"https:\/\/blogdorogeriogomes.com.br\/?p=27315"},"modified":"2022-10-25T19:56:17","modified_gmt":"2022-10-25T19:56:17","slug":"sob-lideranca-de-tasso-jereissati-empresarios-cearenses-declaram-voto-em-lula-no-2-turno","status":"publish","type":"post","link":"https:\/\/blogdorogeriogomes.com.br\/noticias\/2022\/10\/sob-lideranca-de-tasso-jereissati-empresarios-cearenses-declaram-voto-em-lula-no-2-turno\/","title":{"rendered":"Sob lideran\u00e7a de Tasso Jereissati, empres\u00e1rios cearenses declaram voto em Lula no 2\u00b0 turno"},"content":{"rendered":"\n<p>Sob a lideran\u00e7a do senador Tasso Jereissati, um grupo de empres\u00e1rios cearenses declarou o voto em Lula (PT) no 2\u00b0 turno das elei\u00e7\u00f5es, pr\u00f3ximo domingo, dia 30 de outubro. \u201c\u00c9 uma elei\u00e7\u00e3o fundamental para o futuro do Pa\u00eds, n\u00f3s estamos aqui defendendo a democracia, contra qualquer tipo de tirania e de autocracia, estamos aqui pelo respeito \u00e0s institui\u00e7\u00f5es e \u00e0 ci\u00eancia. \u00c9 isso que est\u00e1 em jogo no Brasil neste momento e por causa disso que eu estou aqui com esse grupo\u201d,&nbsp;afirmou Tasso Jereissati.<br>Entre os empres\u00e1rios presentes \u00e0 manifesta\u00e7\u00e3o no Passeio P\u00fablico estiveram Jos\u00e9 Vilmar Ferreira, da A\u00e7o Cearense, Euvaldo Bringel, do Instituto Frutal, Ricardo Liebmann, da Nexgen Solu\u00e7\u00f5es em Inform\u00e1tica, Liana Fujita, do grupo Fujita, e Ticiana Rolim Queiroz.<\/p>\n\n\n\n<figure class=\"wp-block-image size-full\"><img loading=\"lazy\" decoding=\"async\" width=\"1024\" height=\"460\" src=\"https:\/\/blogdorogeriogomes.com.br\/wp-content\/uploads\/2022\/10\/IMG-20221025-WA0000.jpg\" alt=\"\" class=\"wp-image-27316\" srcset=\"https:\/\/blogdorogeriogomes.com.br\/noticias\/wp-content\/uploads\/2022\/10\/IMG-20221025-WA0000.jpg 1024w, https:\/\/blogdorogeriogomes.com.br\/noticias\/wp-content\/uploads\/2022\/10\/IMG-20221025-WA0000-300x135.jpg 300w, https:\/\/blogdorogeriogomes.com.br\/noticias\/wp-content\/uploads\/2022\/10\/IMG-20221025-WA0000-768x345.jpg 768w, https:\/\/blogdorogeriogomes.com.br\/noticias\/wp-content\/uploads\/2022\/10\/IMG-20221025-WA0000-800x359.jpg 800w\" sizes=\"auto, (max-width: 1024px) 100vw, 1024px\" \/><\/figure>\n","protected":false},"excerpt":{"rendered":"<p>Sob a lideran\u00e7a do senador Tasso Jereissati, um grupo de empres\u00e1rios cearenses declarou o voto em Lula (PT) no 2\u00b0 turno das elei\u00e7\u00f5es, pr\u00f3ximo domingo, dia 30 de outubro. \u201c\u00c9 uma elei\u00e7\u00e3o fundamental para o futuro do Pa\u00eds, n\u00f3s estamos aqui defendendo a democracia, contra qualquer tipo de tirania e de autocracia, estamos aqui pelo respeito \u00e0s institui\u00e7\u00f5es e \u00e0 ci\u00eancia. \u00c9 isso que est\u00e1 em jogo no Brasil neste momento e por causa disso que eu estou aqui&hellip;<\/p>\n","protected":false},"author":1,"featured_media":27316,"comment_status":"open","ping_status":"open","sticky":false,"template":"","format":"standard","meta":{"footnotes":""},"categories":[1],"tags":[],"class_list":["post-27315","post","type-post","status-publish","format-standard","has-post-thumbnail","hentry","category-noticias"],"_links":{"self":[{"href":"https:\/\/blogdorogeriogomes.com.br\/noticias\/wp-json\/wp\/v2\/posts\/27315","targetHints":{"allow":["GET"]}}],"collection":[{"href":"https:\/\/blogdorogeriogomes.com.br\/noticias\/wp-json\/wp\/v2\/posts"}],"about":[{"href":"https:\/\/blogdorogeriogomes.com.br\/noticias\/wp-json\/wp\/v2\/types\/post"}],"author":[{"embeddable":true,"href":"https:\/\/blogdorogeriogomes.com.br\/noticias\/wp-json\/wp\/v2\/users\/1"}],"replies":[{"embeddable":true,"href":"https:\/\/blogdorogeriogomes.com.br\/noticias\/wp-json\/wp\/v2\/comments?post=27315"}],"version-history":[{"count":3,"href":"https:\/\/blogdorogeriogomes.com.br\/noticias\/wp-json\/wp\/v2\/posts\/27315\/revisions"}],"predecessor-version":[{"id":27319,"href":"https:\/\/blogdorogeriogomes.com.br\/noticias\/wp-json\/wp\/v2\/posts\/27315\/revisions\/27319"}],"wp:featuredmedia":[{"embeddable":true,"href":"https:\/\/blogdorogeriogomes.com.br\/noticias\/wp-json\/wp\/v2\/media\/27316"}],"wp:attachment":[{"href":"https:\/\/blogdorogeriogomes.com.br\/noticias\/wp-json\/wp\/v2\/media?parent=27315"}],"wp:term":[{"taxonomy":"category","embeddable":true,"href":"https:\/\/blogdorogeriogomes.com.br\/noticias\/wp-json\/wp\/v2\/categories?post=27315"},{"taxonomy":"post_tag","embeddable":true,"href":"https:\/\/blogdorogeriogomes.com.br\/noticias\/wp-json\/wp\/v2\/tags?post=27315"}],"curies":[{"name":"wp","href":"https:\/\/api.w.org\/{rel}","templated":true}]}}