{"id":27323,"date":"2022-10-26T01:01:17","date_gmt":"2022-10-26T01:01:17","guid":{"rendered":"https:\/\/blogdorogeriogomes.com.br\/?p=27323"},"modified":"2022-10-26T13:00:28","modified_gmt":"2022-10-26T13:00:28","slug":"prefeito-jose-sarto-cria-gerencia-especial-de-saude-bucal-em-fortaleza","status":"publish","type":"post","link":"https:\/\/blogdorogeriogomes.com.br\/noticias\/2022\/10\/prefeito-jose-sarto-cria-gerencia-especial-de-saude-bucal-em-fortaleza\/","title":{"rendered":"Prefeito Jos\u00e9 Sarto cria Ger\u00eancia Especial de Sa\u00fade Bucal em Fortaleza"},"content":{"rendered":"\n<p>O prefeito Jos\u00e9 Sarto anunciou, nesta ter\u00e7a-feira, 25 de outubro, Dia Nacional do Dentista, a cria\u00e7\u00e3o da Ger\u00eancia Especial de Sa\u00fade Bucal de Fortaleza. O novo setor, como informou Sarto, tem por objetivo qualificar ainda mais o atendimento odontol\u00f3gico da capital, al\u00e9m de reconhecer o trabalho dos profissionais de sa\u00fade bucal.<br>\u201cA Ger\u00eancia Especial de Sa\u00fade Bucal de Fortaleza vai cuidar de maneira pr\u00f3xima de todos os atendimentos odontol\u00f3gicos da rede de aten\u00e7\u00e3o b\u00e1sica de Fortaleza. Atualmente, a nossa rede conta com 371 dentistas e tem se destacado neste tipo de atendimento. Al\u00e9m das equipes nos postos, temos ainda uma grande equipe no Instituto Doutor Jos\u00e9 Frota (IJF), com profissionais de refer\u00eancia no tratamento bucomaxilofacial\u201d, afirmou Jos\u00e9 Sarto.<\/p>\n\n\n\n<figure class=\"wp-block-image size-large\"><img loading=\"lazy\" decoding=\"async\" width=\"1024\" height=\"602\" src=\"https:\/\/blogdorogeriogomes.com.br\/wp-content\/uploads\/2022\/10\/IMG-20221025-WA0007-1024x602.jpg\" alt=\"\" class=\"wp-image-27324\" srcset=\"https:\/\/blogdorogeriogomes.com.br\/noticias\/wp-content\/uploads\/2022\/10\/IMG-20221025-WA0007-1024x602.jpg 1024w, https:\/\/blogdorogeriogomes.com.br\/noticias\/wp-content\/uploads\/2022\/10\/IMG-20221025-WA0007-300x176.jpg 300w, https:\/\/blogdorogeriogomes.com.br\/noticias\/wp-content\/uploads\/2022\/10\/IMG-20221025-WA0007-768x451.jpg 768w, https:\/\/blogdorogeriogomes.com.br\/noticias\/wp-content\/uploads\/2022\/10\/IMG-20221025-WA0007-800x470.jpg 800w, https:\/\/blogdorogeriogomes.com.br\/noticias\/wp-content\/uploads\/2022\/10\/IMG-20221025-WA0007.jpg 1280w\" sizes=\"auto, (max-width: 1024px) 100vw, 1024px\" \/><\/figure>\n","protected":false},"excerpt":{"rendered":"<p>O prefeito Jos\u00e9 Sarto anunciou, nesta ter\u00e7a-feira, 25 de outubro, Dia Nacional do Dentista, a cria\u00e7\u00e3o da Ger\u00eancia Especial de Sa\u00fade Bucal de Fortaleza. O novo setor, como informou Sarto, tem por objetivo qualificar ainda mais o atendimento odontol\u00f3gico da capital, al\u00e9m de reconhecer o trabalho dos profissionais de sa\u00fade bucal.\u201cA Ger\u00eancia Especial de Sa\u00fade Bucal de Fortaleza vai cuidar de maneira pr\u00f3xima de todos os atendimentos odontol\u00f3gicos da rede de aten\u00e7\u00e3o b\u00e1sica de Fortaleza. Atualmente, a nossa rede&hellip;<\/p>\n","protected":false},"author":1,"featured_media":27324,"comment_status":"open","ping_status":"open","sticky":false,"template":"","format":"standard","meta":{"footnotes":""},"categories":[1],"tags":[],"class_list":["post-27323","post","type-post","status-publish","format-standard","has-post-thumbnail","hentry","category-noticias"],"_links":{"self":[{"href":"https:\/\/blogdorogeriogomes.com.br\/noticias\/wp-json\/wp\/v2\/posts\/27323","targetHints":{"allow":["GET"]}}],"collection":[{"href":"https:\/\/blogdorogeriogomes.com.br\/noticias\/wp-json\/wp\/v2\/posts"}],"about":[{"href":"https:\/\/blogdorogeriogomes.com.br\/noticias\/wp-json\/wp\/v2\/types\/post"}],"author":[{"embeddable":true,"href":"https:\/\/blogdorogeriogomes.com.br\/noticias\/wp-json\/wp\/v2\/users\/1"}],"replies":[{"embeddable":true,"href":"https:\/\/blogdorogeriogomes.com.br\/noticias\/wp-json\/wp\/v2\/comments?post=27323"}],"version-history":[{"count":1,"href":"https:\/\/blogdorogeriogomes.com.br\/noticias\/wp-json\/wp\/v2\/posts\/27323\/revisions"}],"predecessor-version":[{"id":27325,"href":"https:\/\/blogdorogeriogomes.com.br\/noticias\/wp-json\/wp\/v2\/posts\/27323\/revisions\/27325"}],"wp:featuredmedia":[{"embeddable":true,"href":"https:\/\/blogdorogeriogomes.com.br\/noticias\/wp-json\/wp\/v2\/media\/27324"}],"wp:attachment":[{"href":"https:\/\/blogdorogeriogomes.com.br\/noticias\/wp-json\/wp\/v2\/media?parent=27323"}],"wp:term":[{"taxonomy":"category","embeddable":true,"href":"https:\/\/blogdorogeriogomes.com.br\/noticias\/wp-json\/wp\/v2\/categories?post=27323"},{"taxonomy":"post_tag","embeddable":true,"href":"https:\/\/blogdorogeriogomes.com.br\/noticias\/wp-json\/wp\/v2\/tags?post=27323"}],"curies":[{"name":"wp","href":"https:\/\/api.w.org\/{rel}","templated":true}]}}