{"id":27333,"date":"2022-10-26T11:16:13","date_gmt":"2022-10-26T11:16:13","guid":{"rendered":"https:\/\/blogdorogeriogomes.com.br\/?p=27333"},"modified":"2022-10-26T13:00:01","modified_gmt":"2022-10-26T13:00:01","slug":"lula-continua-liderando-corrida-no-2-turno-de-acordo-com-pesquisas-quaest-e-poderdata","status":"publish","type":"post","link":"https:\/\/blogdorogeriogomes.com.br\/noticias\/2022\/10\/lula-continua-liderando-corrida-no-2-turno-de-acordo-com-pesquisas-quaest-e-poderdata\/","title":{"rendered":"Lula continua liderando corrida no 2\u00b0 turno de acordo com pesquisas Quaest e PoderData"},"content":{"rendered":"\n<p>Mais duas pesquisas presidenciais foram publicadas nesta quarta-feira, dia 26 de outubro: Quaest e PoderData. Na pesquisa Quaest, encomendada pelo Banco Genial, o ex-presidente Lula (PT) mant\u00e9m lideran\u00e7a da corrida eleitoral contra Jair Bolsonaro (PL) com 53% dos votos v\u00e1lidos contra 47% do atual presidente.<br>Pesquisa telef\u00f4nica do PoderData mostra uma ligeira amplia\u00e7\u00e3o da vantagem do ex-presidente Lula (PT) sobre Jair Bolsonaro (PL). O placar nos votos v\u00e1lidos \u00e9 de 53% contra 47%.<br>Nesta quinta-feira, dia 27, o governador eleito Elmano de Freitas (PT) e o senador eleito Camilo Santana (PT) convocam a milit\u00e2ncia para comemorar o anivers\u00e1rio de 77 anos de Lula durante um ato na Pra\u00e7a Portugal, em Fortaleza, a partir das 17 horas.<\/p>\n\n\n\n<figure class=\"wp-block-image size-full\"><img loading=\"lazy\" decoding=\"async\" width=\"600\" height=\"337\" src=\"https:\/\/blogdorogeriogomes.com.br\/wp-content\/uploads\/2022\/10\/IMG-20221026-WA0001.jpg\" alt=\"\" class=\"wp-image-27334\" srcset=\"https:\/\/blogdorogeriogomes.com.br\/noticias\/wp-content\/uploads\/2022\/10\/IMG-20221026-WA0001.jpg 600w, https:\/\/blogdorogeriogomes.com.br\/noticias\/wp-content\/uploads\/2022\/10\/IMG-20221026-WA0001-300x169.jpg 300w\" sizes=\"auto, (max-width: 600px) 100vw, 600px\" \/><\/figure>\n","protected":false},"excerpt":{"rendered":"<p>Mais duas pesquisas presidenciais foram publicadas nesta quarta-feira, dia 26 de outubro: Quaest e PoderData. Na pesquisa Quaest, encomendada pelo Banco Genial, o ex-presidente Lula (PT) mant\u00e9m lideran\u00e7a da corrida eleitoral contra Jair Bolsonaro (PL) com 53% dos votos v\u00e1lidos contra 47% do atual presidente.Pesquisa telef\u00f4nica do PoderData mostra uma ligeira amplia\u00e7\u00e3o da vantagem do ex-presidente Lula (PT) sobre Jair Bolsonaro (PL). O placar nos votos v\u00e1lidos \u00e9 de 53% contra 47%.Nesta quinta-feira, dia 27, o governador eleito Elmano&hellip;<\/p>\n","protected":false},"author":1,"featured_media":27334,"comment_status":"open","ping_status":"open","sticky":false,"template":"","format":"standard","meta":{"footnotes":""},"categories":[1],"tags":[],"class_list":["post-27333","post","type-post","status-publish","format-standard","has-post-thumbnail","hentry","category-noticias"],"_links":{"self":[{"href":"https:\/\/blogdorogeriogomes.com.br\/noticias\/wp-json\/wp\/v2\/posts\/27333","targetHints":{"allow":["GET"]}}],"collection":[{"href":"https:\/\/blogdorogeriogomes.com.br\/noticias\/wp-json\/wp\/v2\/posts"}],"about":[{"href":"https:\/\/blogdorogeriogomes.com.br\/noticias\/wp-json\/wp\/v2\/types\/post"}],"author":[{"embeddable":true,"href":"https:\/\/blogdorogeriogomes.com.br\/noticias\/wp-json\/wp\/v2\/users\/1"}],"replies":[{"embeddable":true,"href":"https:\/\/blogdorogeriogomes.com.br\/noticias\/wp-json\/wp\/v2\/comments?post=27333"}],"version-history":[{"count":1,"href":"https:\/\/blogdorogeriogomes.com.br\/noticias\/wp-json\/wp\/v2\/posts\/27333\/revisions"}],"predecessor-version":[{"id":27335,"href":"https:\/\/blogdorogeriogomes.com.br\/noticias\/wp-json\/wp\/v2\/posts\/27333\/revisions\/27335"}],"wp:featuredmedia":[{"embeddable":true,"href":"https:\/\/blogdorogeriogomes.com.br\/noticias\/wp-json\/wp\/v2\/media\/27334"}],"wp:attachment":[{"href":"https:\/\/blogdorogeriogomes.com.br\/noticias\/wp-json\/wp\/v2\/media?parent=27333"}],"wp:term":[{"taxonomy":"category","embeddable":true,"href":"https:\/\/blogdorogeriogomes.com.br\/noticias\/wp-json\/wp\/v2\/categories?post=27333"},{"taxonomy":"post_tag","embeddable":true,"href":"https:\/\/blogdorogeriogomes.com.br\/noticias\/wp-json\/wp\/v2\/tags?post=27333"}],"curies":[{"name":"wp","href":"https:\/\/api.w.org\/{rel}","templated":true}]}}