{"id":27337,"date":"2022-10-27T01:58:52","date_gmt":"2022-10-27T01:58:52","guid":{"rendered":"https:\/\/blogdorogeriogomes.com.br\/?p=27337"},"modified":"2022-10-27T10:01:31","modified_gmt":"2022-10-27T10:01:31","slug":"tce-aprova-contas-do-governo-de-camilo-santana-com-recomendacoes","status":"publish","type":"post","link":"https:\/\/blogdorogeriogomes.com.br\/noticias\/2022\/10\/tce-aprova-contas-do-governo-de-camilo-santana-com-recomendacoes\/","title":{"rendered":"TCE aprova contas do governo de Camilo Santana com recomenda\u00e7\u00f5es"},"content":{"rendered":"\n<p>O Tribunal de Contas do Estado do Cear\u00e1 (TCE-CE) recomendou, nesta quarta-feira, dia 26 de outubro, a aprova\u00e7\u00e3o das contas da gest\u00e3o do ex-governador Camilo Santana (PT) no exerc\u00edcio de 2021. A partir do pr\u00f3ximo ano, Camilo assume o mandato de oito anos no Senado Federal. O placar favor\u00e1vel ao petista foi de quatro votos a tr\u00eas. O relat\u00f3rio t\u00e9cnico veio acompanhado de 69 recomenda\u00e7\u00f5es.<br>A decis\u00e3o do TCE ser\u00e1 encaminhada para an\u00e1lise dos deputados estaduais na Assembleia Legislativa do Cear\u00e1, que podem confirmar ou n\u00e3o a recomenda\u00e7\u00e3o do Tribunal de Contas do Cear\u00e1.<\/p>\n\n\n\n<p>Votaram pela aprova\u00e7\u00e3o<br>Edilberto Pontes<br>Rholden Queiroz<br>Ernesto Saboia<br>Valdomiro T\u00e1vora<\/p>\n\n\n\n<p>Votaram pela reprova\u00e7\u00e3o<br>Soraia Victor (relatora)<br>Patr\u00edcia Saboya<br>Alexandre Figueiredo<\/p>\n\n\n\n<figure class=\"wp-block-image size-full\"><img loading=\"lazy\" decoding=\"async\" width=\"739\" height=\"415\" src=\"https:\/\/blogdorogeriogomes.com.br\/wp-content\/uploads\/2022\/10\/IMG-20221026-WA0009.jpg\" alt=\"\" class=\"wp-image-27338\" srcset=\"https:\/\/blogdorogeriogomes.com.br\/noticias\/wp-content\/uploads\/2022\/10\/IMG-20221026-WA0009.jpg 739w, https:\/\/blogdorogeriogomes.com.br\/noticias\/wp-content\/uploads\/2022\/10\/IMG-20221026-WA0009-300x168.jpg 300w\" sizes=\"auto, (max-width: 739px) 100vw, 739px\" \/><\/figure>\n","protected":false},"excerpt":{"rendered":"<p>O Tribunal de Contas do Estado do Cear\u00e1 (TCE-CE) recomendou, nesta quarta-feira, dia 26 de outubro, a aprova\u00e7\u00e3o das contas da gest\u00e3o do ex-governador Camilo Santana (PT) no exerc\u00edcio de 2021. A partir do pr\u00f3ximo ano, Camilo assume o mandato de oito anos no Senado Federal. O placar favor\u00e1vel ao petista foi de quatro votos a tr\u00eas. O relat\u00f3rio t\u00e9cnico veio acompanhado de 69 recomenda\u00e7\u00f5es.A decis\u00e3o do TCE ser\u00e1 encaminhada para an\u00e1lise dos deputados estaduais na Assembleia Legislativa do&hellip;<\/p>\n","protected":false},"author":1,"featured_media":27338,"comment_status":"open","ping_status":"open","sticky":false,"template":"","format":"standard","meta":{"footnotes":""},"categories":[1],"tags":[],"class_list":["post-27337","post","type-post","status-publish","format-standard","has-post-thumbnail","hentry","category-noticias"],"_links":{"self":[{"href":"https:\/\/blogdorogeriogomes.com.br\/noticias\/wp-json\/wp\/v2\/posts\/27337","targetHints":{"allow":["GET"]}}],"collection":[{"href":"https:\/\/blogdorogeriogomes.com.br\/noticias\/wp-json\/wp\/v2\/posts"}],"about":[{"href":"https:\/\/blogdorogeriogomes.com.br\/noticias\/wp-json\/wp\/v2\/types\/post"}],"author":[{"embeddable":true,"href":"https:\/\/blogdorogeriogomes.com.br\/noticias\/wp-json\/wp\/v2\/users\/1"}],"replies":[{"embeddable":true,"href":"https:\/\/blogdorogeriogomes.com.br\/noticias\/wp-json\/wp\/v2\/comments?post=27337"}],"version-history":[{"count":1,"href":"https:\/\/blogdorogeriogomes.com.br\/noticias\/wp-json\/wp\/v2\/posts\/27337\/revisions"}],"predecessor-version":[{"id":27339,"href":"https:\/\/blogdorogeriogomes.com.br\/noticias\/wp-json\/wp\/v2\/posts\/27337\/revisions\/27339"}],"wp:featuredmedia":[{"embeddable":true,"href":"https:\/\/blogdorogeriogomes.com.br\/noticias\/wp-json\/wp\/v2\/media\/27338"}],"wp:attachment":[{"href":"https:\/\/blogdorogeriogomes.com.br\/noticias\/wp-json\/wp\/v2\/media?parent=27337"}],"wp:term":[{"taxonomy":"category","embeddable":true,"href":"https:\/\/blogdorogeriogomes.com.br\/noticias\/wp-json\/wp\/v2\/categories?post=27337"},{"taxonomy":"post_tag","embeddable":true,"href":"https:\/\/blogdorogeriogomes.com.br\/noticias\/wp-json\/wp\/v2\/tags?post=27337"}],"curies":[{"name":"wp","href":"https:\/\/api.w.org\/{rel}","templated":true}]}}