{"id":27352,"date":"2022-10-27T23:13:54","date_gmt":"2022-10-27T23:13:54","guid":{"rendered":"https:\/\/blogdorogeriogomes.com.br\/?p=27352"},"modified":"2022-10-31T13:00:52","modified_gmt":"2022-10-31T13:00:52","slug":"venda-e-consumo-de-bebidas-alcoolicas-estao-proibidos-no-2-turno-das-eleicoes-no-ceara","status":"publish","type":"post","link":"https:\/\/blogdorogeriogomes.com.br\/noticias\/2022\/10\/venda-e-consumo-de-bebidas-alcoolicas-estao-proibidos-no-2-turno-das-eleicoes-no-ceara\/","title":{"rendered":"Venda e consumo de bebidas alc\u00f3olicas est\u00e3o proibidos no 2\u00b0 turno das elei\u00e7\u00f5es no Cear\u00e1"},"content":{"rendered":"\n<p>O Tribunal Regional Eleitoral do Cear\u00e1 (TRE-CE) pro\u00edbe a venda e o consumo de bebidas alco\u00f3licas no 2\u00ba turno das Elei\u00e7\u00f5es 2022, no pr\u00f3ximo dia 30 de outubro. Entre 0h e 20h do domingo da elei\u00e7\u00e3o, ser\u00e3o proibidas a venda e o consumo de bebidas alco\u00f3licas em bares, restaurantes, mercantis, estabelecimentos cong\u00eaneres e demais locais abertos ao p\u00fablico nos munic\u00edpios do Cear\u00e1.<\/p>\n\n\n\n<p>A decis\u00e3o considerou, entre outros motivos, que a medida tornou-se pr\u00e1tica repetitiva em pleitos anteriores e de boa aceita\u00e7\u00e3o pela sociedade. Al\u00e9m disso, a proibi\u00e7\u00e3o tem se mostrado eficaz na redu\u00e7\u00e3o do n\u00famero de ocorr\u00eancias formalizadas e dos dist\u00farbios nos locais de vota\u00e7\u00e3o.&nbsp;<\/p>\n\n\n\n<figure class=\"wp-block-image size-full\"><img loading=\"lazy\" decoding=\"async\" width=\"600\" height=\"400\" src=\"https:\/\/blogdorogeriogomes.com.br\/wp-content\/uploads\/2022\/10\/cerveja.jpg\" alt=\"\" class=\"wp-image-27353\" srcset=\"https:\/\/blogdorogeriogomes.com.br\/noticias\/wp-content\/uploads\/2022\/10\/cerveja.jpg 600w, https:\/\/blogdorogeriogomes.com.br\/noticias\/wp-content\/uploads\/2022\/10\/cerveja-300x200.jpg 300w\" sizes=\"auto, (max-width: 600px) 100vw, 600px\" \/><\/figure>\n","protected":false},"excerpt":{"rendered":"<p>O Tribunal Regional Eleitoral do Cear\u00e1 (TRE-CE) pro\u00edbe a venda e o consumo de bebidas alco\u00f3licas no 2\u00ba turno das Elei\u00e7\u00f5es 2022, no pr\u00f3ximo dia 30 de outubro. Entre 0h e 20h do domingo da elei\u00e7\u00e3o, ser\u00e3o proibidas a venda e o consumo de bebidas alco\u00f3licas em bares, restaurantes, mercantis, estabelecimentos cong\u00eaneres e demais locais abertos ao p\u00fablico nos munic\u00edpios do Cear\u00e1. A decis\u00e3o considerou, entre outros motivos, que a medida tornou-se pr\u00e1tica repetitiva em pleitos anteriores e de&hellip;<\/p>\n","protected":false},"author":1,"featured_media":27353,"comment_status":"open","ping_status":"open","sticky":false,"template":"","format":"standard","meta":{"footnotes":""},"categories":[1],"tags":[],"class_list":["post-27352","post","type-post","status-publish","format-standard","has-post-thumbnail","hentry","category-noticias"],"_links":{"self":[{"href":"https:\/\/blogdorogeriogomes.com.br\/noticias\/wp-json\/wp\/v2\/posts\/27352","targetHints":{"allow":["GET"]}}],"collection":[{"href":"https:\/\/blogdorogeriogomes.com.br\/noticias\/wp-json\/wp\/v2\/posts"}],"about":[{"href":"https:\/\/blogdorogeriogomes.com.br\/noticias\/wp-json\/wp\/v2\/types\/post"}],"author":[{"embeddable":true,"href":"https:\/\/blogdorogeriogomes.com.br\/noticias\/wp-json\/wp\/v2\/users\/1"}],"replies":[{"embeddable":true,"href":"https:\/\/blogdorogeriogomes.com.br\/noticias\/wp-json\/wp\/v2\/comments?post=27352"}],"version-history":[{"count":1,"href":"https:\/\/blogdorogeriogomes.com.br\/noticias\/wp-json\/wp\/v2\/posts\/27352\/revisions"}],"predecessor-version":[{"id":27354,"href":"https:\/\/blogdorogeriogomes.com.br\/noticias\/wp-json\/wp\/v2\/posts\/27352\/revisions\/27354"}],"wp:featuredmedia":[{"embeddable":true,"href":"https:\/\/blogdorogeriogomes.com.br\/noticias\/wp-json\/wp\/v2\/media\/27353"}],"wp:attachment":[{"href":"https:\/\/blogdorogeriogomes.com.br\/noticias\/wp-json\/wp\/v2\/media?parent=27352"}],"wp:term":[{"taxonomy":"category","embeddable":true,"href":"https:\/\/blogdorogeriogomes.com.br\/noticias\/wp-json\/wp\/v2\/categories?post=27352"},{"taxonomy":"post_tag","embeddable":true,"href":"https:\/\/blogdorogeriogomes.com.br\/noticias\/wp-json\/wp\/v2\/tags?post=27352"}],"curies":[{"name":"wp","href":"https:\/\/api.w.org\/{rel}","templated":true}]}}