{"id":27363,"date":"2022-10-29T00:31:46","date_gmt":"2022-10-29T00:31:46","guid":{"rendered":"https:\/\/blogdorogeriogomes.com.br\/?p=27363"},"modified":"2022-10-31T13:00:35","modified_gmt":"2022-10-31T13:00:35","slug":"prefeitura-de-fortaleza-entrega-nova-praca-coracao-de-jesus","status":"publish","type":"post","link":"https:\/\/blogdorogeriogomes.com.br\/noticias\/2022\/10\/prefeitura-de-fortaleza-entrega-nova-praca-coracao-de-jesus\/","title":{"rendered":"Prefeitura de Fortaleza entrega nova Pra\u00e7a Cora\u00e7\u00e3o de Jesus"},"content":{"rendered":"\n<p>A Prefeitura de Fortaleza entregou mais uma obra de requalifica\u00e7\u00e3o urbana no Centro da cidade: as obras de reforma e requalifica\u00e7\u00e3o da Pra\u00e7a do Sagrado Cora\u00e7\u00e3o de Jesus. Com investimento de R$ 15 milh\u00f5es, o espa\u00e7o totalmente urbanizado permitiu a integra\u00e7\u00e3o com o parque Cidade da Crian\u00e7a, viabilizando mais de 10 mil m\u00b2 de \u00e1rea para conviv\u00eancia e lazer.<br>A pra\u00e7a foi totalmente reformada com a instala\u00e7\u00e3o de piso drenante, nova ilumina\u00e7\u00e3o, mobili\u00e1rios urbanos, paisagismo, al\u00e9m da nova pavimenta\u00e7\u00e3o na rua Pedro I e a constru\u00e7\u00e3o de novas bancas de revistas, que v\u00e3o melhorar as condi\u00e7\u00f5es de trabalho dos permission\u00e1rios da pra\u00e7a. Al\u00e9m disso, o projeto tamb\u00e9m foi respons\u00e1vel pela constru\u00e7\u00e3o de um novo terminal aberto de \u00f4nibus na Rua S\u00f3lon Pinheiro com ampla plataforma para embarque e desembarque e pavimento r\u00edgido em concreto, garantindo a longevidade da pista diante do intenso fluxo de \u00f4nibus da regi\u00e3o.<\/p>\n\n\n\n<figure class=\"wp-block-image size-large\"><img loading=\"lazy\" decoding=\"async\" width=\"1024\" height=\"601\" src=\"https:\/\/blogdorogeriogomes.com.br\/wp-content\/uploads\/2022\/10\/IMG-20221028-WA0002-1024x601.jpg\" alt=\"\" class=\"wp-image-27364\" srcset=\"https:\/\/blogdorogeriogomes.com.br\/noticias\/wp-content\/uploads\/2022\/10\/IMG-20221028-WA0002-1024x601.jpg 1024w, https:\/\/blogdorogeriogomes.com.br\/noticias\/wp-content\/uploads\/2022\/10\/IMG-20221028-WA0002-300x176.jpg 300w, https:\/\/blogdorogeriogomes.com.br\/noticias\/wp-content\/uploads\/2022\/10\/IMG-20221028-WA0002-768x451.jpg 768w, https:\/\/blogdorogeriogomes.com.br\/noticias\/wp-content\/uploads\/2022\/10\/IMG-20221028-WA0002-800x470.jpg 800w, https:\/\/blogdorogeriogomes.com.br\/noticias\/wp-content\/uploads\/2022\/10\/IMG-20221028-WA0002.jpg 1500w\" sizes=\"auto, (max-width: 1024px) 100vw, 1024px\" \/><\/figure>\n","protected":false},"excerpt":{"rendered":"<p>A Prefeitura de Fortaleza entregou mais uma obra de requalifica\u00e7\u00e3o urbana no Centro da cidade: as obras de reforma e requalifica\u00e7\u00e3o da Pra\u00e7a do Sagrado Cora\u00e7\u00e3o de Jesus. Com investimento de R$ 15 milh\u00f5es, o espa\u00e7o totalmente urbanizado permitiu a integra\u00e7\u00e3o com o parque Cidade da Crian\u00e7a, viabilizando mais de 10 mil m\u00b2 de \u00e1rea para conviv\u00eancia e lazer.A pra\u00e7a foi totalmente reformada com a instala\u00e7\u00e3o de piso drenante, nova ilumina\u00e7\u00e3o, mobili\u00e1rios urbanos, paisagismo, al\u00e9m da nova pavimenta\u00e7\u00e3o na&hellip;<\/p>\n","protected":false},"author":1,"featured_media":27364,"comment_status":"open","ping_status":"open","sticky":false,"template":"","format":"standard","meta":{"footnotes":""},"categories":[1],"tags":[],"class_list":["post-27363","post","type-post","status-publish","format-standard","has-post-thumbnail","hentry","category-noticias"],"_links":{"self":[{"href":"https:\/\/blogdorogeriogomes.com.br\/noticias\/wp-json\/wp\/v2\/posts\/27363","targetHints":{"allow":["GET"]}}],"collection":[{"href":"https:\/\/blogdorogeriogomes.com.br\/noticias\/wp-json\/wp\/v2\/posts"}],"about":[{"href":"https:\/\/blogdorogeriogomes.com.br\/noticias\/wp-json\/wp\/v2\/types\/post"}],"author":[{"embeddable":true,"href":"https:\/\/blogdorogeriogomes.com.br\/noticias\/wp-json\/wp\/v2\/users\/1"}],"replies":[{"embeddable":true,"href":"https:\/\/blogdorogeriogomes.com.br\/noticias\/wp-json\/wp\/v2\/comments?post=27363"}],"version-history":[{"count":1,"href":"https:\/\/blogdorogeriogomes.com.br\/noticias\/wp-json\/wp\/v2\/posts\/27363\/revisions"}],"predecessor-version":[{"id":27365,"href":"https:\/\/blogdorogeriogomes.com.br\/noticias\/wp-json\/wp\/v2\/posts\/27363\/revisions\/27365"}],"wp:featuredmedia":[{"embeddable":true,"href":"https:\/\/blogdorogeriogomes.com.br\/noticias\/wp-json\/wp\/v2\/media\/27364"}],"wp:attachment":[{"href":"https:\/\/blogdorogeriogomes.com.br\/noticias\/wp-json\/wp\/v2\/media?parent=27363"}],"wp:term":[{"taxonomy":"category","embeddable":true,"href":"https:\/\/blogdorogeriogomes.com.br\/noticias\/wp-json\/wp\/v2\/categories?post=27363"},{"taxonomy":"post_tag","embeddable":true,"href":"https:\/\/blogdorogeriogomes.com.br\/noticias\/wp-json\/wp\/v2\/tags?post=27363"}],"curies":[{"name":"wp","href":"https:\/\/api.w.org\/{rel}","templated":true}]}}