{"id":27366,"date":"2022-10-29T00:44:21","date_gmt":"2022-10-29T00:44:21","guid":{"rendered":"https:\/\/blogdorogeriogomes.com.br\/?p=27366"},"modified":"2022-10-31T13:00:29","modified_gmt":"2022-10-31T13:00:29","slug":"prefeito-de-caucaia-vitor-valim-anuncia-pagamento-aos-servidores-de-r-72-milhoes-dos-precatorios","status":"publish","type":"post","link":"https:\/\/blogdorogeriogomes.com.br\/noticias\/2022\/10\/prefeito-de-caucaia-vitor-valim-anuncia-pagamento-aos-servidores-de-r-72-milhoes-dos-precatorios\/","title":{"rendered":"Prefeito de Caucaia, Vitor Valim, anuncia pagamento aos servidores de R$ 72 milh\u00f5es dos precat\u00f3rios"},"content":{"rendered":"\n<p>Profissionais da educa\u00e7\u00e3o de Caucaia foram contemplados, nesta sexta-feira, dia 28 de outubro, com o pagamento a quase oito mil profissionais com direito a receber as verbas precat\u00f3rias do FUNDEF, que \u00e9 o antigo Fundo de Manuten\u00e7\u00e3o e Desenvolvimento do Ensino Fundamental. No total, ser\u00e3o R$ 72.356.199,72. Deste valor, 80% ser\u00e3o destinados para os servidores profissionais da educa\u00e7\u00e3o que comprovem exerc\u00edcio no per\u00edodo de dezembro de 1999 a dezembro de 2006, e 20% para os servidores profissionais da educa\u00e7\u00e3o que comprovem exerc\u00edcio no per\u00edodo de janeiro de 2007 a 31 de mar\u00e7o de 2022, em decorr\u00eancia da quantidade de horas trabalhadas e do tempo de servi\u00e7o no respectivo per\u00edodo. Cada profissional da educa\u00e7\u00e3o beneficiado receber\u00e1 quota \u00fanica e proporcional, em forma de abono.<\/p>\n\n\n\n<p>O an\u00fancio foi realizado pelo prefeito de Caucaia Vitor Valim, atrav\u00e9s de v\u00eddeo publicado nos canais oficiais da Prefeitura de Caucaia. Na ocasi\u00e3o, o gestor aproveitou para parabenizar tanto os servidores do munic\u00edpio, pela data celebrada em homenagem aos profissionais, e tamb\u00e9m aos professores, grandes beneficiados pelo pagamento realizado hoje. &#8220;Hoje j\u00e1 \u00e9 um dia de festa, dia dos nossos servidores. E tamb\u00e9m hoje os R$ 72 milh\u00f5es, que \u00e9 de direito dos profissionais da educa\u00e7\u00e3o, vai estar na conta dos professores. Uma luta hist\u00f3rica e um direito de voc\u00eas que est\u00e1 sendo restabelecido. \u00c9 como sempre digo, o que for poss\u00edvel fazermos como gest\u00e3o para que os direitos dos nossos servidores sejam respeitados, estamos fazendo desde o primeiro dia do nosso mandato, com muita responsabilidade fiscal, zelo e cuidado com aqueles que nos ajudam a cuidar de Caucaia. Hoje \u00e9 um dia de festa&#8221;, comemorou o prefeito.<\/p>\n\n\n\n<p>Foi atrav\u00e9s de uma comiss\u00e3o de trabalho que reuniu profissionais da Secretaria de Administra\u00e7\u00e3o,Gest\u00e3o de Pessoas e Tecnologia (SAGPT), Secretaria de Finan\u00e7as, Planejamento e Or\u00e7amento (SEFIN), Procuradoria Geral e representantes de quatro sindicatos: SINDSEP, APEOC, APROMUC e SINPROPMUC que foi definido a forma de pagamento para os benefici\u00e1rios.<\/p>\n\n\n\n<p>&#8220;Essa conquista ser\u00e1 sempre lembrada em todo o estado do Cear\u00e1 e do Brasil. Em uma \u00e9poca de tantos conflitos, e de desvaloriza\u00e7\u00e3o dos servidores. Ent\u00e3o hoje agradecemos em Caucaia essa vit\u00f3ria&#8221;, disse Max Pessoa, presidente da Comiss\u00e3o Municipal da APEOC. Felicidade declarada tamb\u00e9m por Enedina Soares, diretora do SINDSEP: &#8220;Estamos aqui felizes com esse an\u00fancio da gest\u00e3o municipal do pagamento do t\u00e3o esperado pagamento dos precat\u00f3rios do FUNDEF de Caucaia. Uma luta dos profissionais da educa\u00e7\u00e3o, Caucaia estava h\u00e1 v\u00e1rios anos com esse recurso na conta e o prefeito Vitor Valim garante a efetividade desse recurso no bolso dos profissionais da educa\u00e7\u00e3o. Quem ganha com essa decis\u00e3o \u00e9 a educa\u00e7\u00e3o do munic\u00edpio de Caucaia&#8221;, disse.<\/p>\n\n\n\n<p>Os servidores com v\u00ednculo ativo junto ao munic\u00edpio, ou seja, que ainda prestam servi\u00e7o ou s\u00e3o aposentados pelo Instituto de Previd\u00eancia do Munic\u00edpio (IPMC), devem receber os aportes na conta banc\u00e1ria j\u00e1 cadastrada na base de dados da Prefeitura. Aqueles que n\u00e3o mais t\u00eam v\u00ednculo ativo com o munic\u00edpio t\u00eam at\u00e9 10 dias \u00fateis ap\u00f3s a publica\u00e7\u00e3o do edital para fornecer os dados de sua conta banc\u00e1ria \u00e0 municipalidade.<\/p>\n\n\n\n<figure class=\"wp-block-image size-full\"><img loading=\"lazy\" decoding=\"async\" width=\"1024\" height=\"550\" src=\"https:\/\/blogdorogeriogomes.com.br\/wp-content\/uploads\/2022\/10\/IMG-20221028-WA0003.jpg\" alt=\"\" class=\"wp-image-27367\" srcset=\"https:\/\/blogdorogeriogomes.com.br\/noticias\/wp-content\/uploads\/2022\/10\/IMG-20221028-WA0003.jpg 1024w, https:\/\/blogdorogeriogomes.com.br\/noticias\/wp-content\/uploads\/2022\/10\/IMG-20221028-WA0003-300x161.jpg 300w, https:\/\/blogdorogeriogomes.com.br\/noticias\/wp-content\/uploads\/2022\/10\/IMG-20221028-WA0003-768x413.jpg 768w, https:\/\/blogdorogeriogomes.com.br\/noticias\/wp-content\/uploads\/2022\/10\/IMG-20221028-WA0003-800x430.jpg 800w\" sizes=\"auto, (max-width: 1024px) 100vw, 1024px\" \/><\/figure>\n","protected":false},"excerpt":{"rendered":"<p>Profissionais da educa\u00e7\u00e3o de Caucaia foram contemplados, nesta sexta-feira, dia 28 de outubro, com o pagamento a quase oito mil profissionais com direito a receber as verbas precat\u00f3rias do FUNDEF, que \u00e9 o antigo Fundo de Manuten\u00e7\u00e3o e Desenvolvimento do Ensino Fundamental. No total, ser\u00e3o R$ 72.356.199,72. Deste valor, 80% ser\u00e3o destinados para os servidores profissionais da educa\u00e7\u00e3o que comprovem exerc\u00edcio no per\u00edodo de dezembro de 1999 a dezembro de 2006, e 20% para os servidores profissionais da educa\u00e7\u00e3o&hellip;<\/p>\n","protected":false},"author":1,"featured_media":27367,"comment_status":"open","ping_status":"open","sticky":false,"template":"","format":"standard","meta":{"footnotes":""},"categories":[1],"tags":[],"class_list":["post-27366","post","type-post","status-publish","format-standard","has-post-thumbnail","hentry","category-noticias"],"_links":{"self":[{"href":"https:\/\/blogdorogeriogomes.com.br\/noticias\/wp-json\/wp\/v2\/posts\/27366","targetHints":{"allow":["GET"]}}],"collection":[{"href":"https:\/\/blogdorogeriogomes.com.br\/noticias\/wp-json\/wp\/v2\/posts"}],"about":[{"href":"https:\/\/blogdorogeriogomes.com.br\/noticias\/wp-json\/wp\/v2\/types\/post"}],"author":[{"embeddable":true,"href":"https:\/\/blogdorogeriogomes.com.br\/noticias\/wp-json\/wp\/v2\/users\/1"}],"replies":[{"embeddable":true,"href":"https:\/\/blogdorogeriogomes.com.br\/noticias\/wp-json\/wp\/v2\/comments?post=27366"}],"version-history":[{"count":1,"href":"https:\/\/blogdorogeriogomes.com.br\/noticias\/wp-json\/wp\/v2\/posts\/27366\/revisions"}],"predecessor-version":[{"id":27368,"href":"https:\/\/blogdorogeriogomes.com.br\/noticias\/wp-json\/wp\/v2\/posts\/27366\/revisions\/27368"}],"wp:featuredmedia":[{"embeddable":true,"href":"https:\/\/blogdorogeriogomes.com.br\/noticias\/wp-json\/wp\/v2\/media\/27367"}],"wp:attachment":[{"href":"https:\/\/blogdorogeriogomes.com.br\/noticias\/wp-json\/wp\/v2\/media?parent=27366"}],"wp:term":[{"taxonomy":"category","embeddable":true,"href":"https:\/\/blogdorogeriogomes.com.br\/noticias\/wp-json\/wp\/v2\/categories?post=27366"},{"taxonomy":"post_tag","embeddable":true,"href":"https:\/\/blogdorogeriogomes.com.br\/noticias\/wp-json\/wp\/v2\/tags?post=27366"}],"curies":[{"name":"wp","href":"https:\/\/api.w.org\/{rel}","templated":true}]}}