{"id":27375,"date":"2022-10-30T17:18:06","date_gmt":"2022-10-30T17:18:06","guid":{"rendered":"https:\/\/blogdorogeriogomes.com.br\/?p=27375"},"modified":"2022-10-31T13:01:06","modified_gmt":"2022-10-31T13:01:06","slug":"lula-e-bolsonaro-votam-e-demonstram-confianca-na-vitoria","status":"publish","type":"post","link":"https:\/\/blogdorogeriogomes.com.br\/noticias\/2022\/10\/lula-e-bolsonaro-votam-e-demonstram-confianca-na-vitoria\/","title":{"rendered":"Lula e Bolsonaro votam e demonstram confian\u00e7a na vit\u00f3ria"},"content":{"rendered":"\n<p>Lula (PT) e Jair Bolsonaro (PL) j\u00e1 votaram neste domingo, dia 30 de outubro, no 2\u00b0 turno. Enquanto o atual presidente da Rep\u00fablica diz ainda acreditar na vit\u00f3ria, o petista destaca que o eleitor vai definir que modelo de Brasil ser\u00e1 colocado em pr\u00e1tica nos pr\u00f3ximos quatro anos.<br>Sobre o epis\u00f3dio envolvendo a deputada federal Carla Zambelli, aliada de Bolsonaro, que sacou uma arma de fogo e correu atr\u00e1s de um homem negro, Lula foi enf\u00e1tico: &#8220;este \u00e9 o Brasil que n\u00e3o queremos&#8221;.<\/p>\n\n\n\n<figure class=\"wp-block-image size-full\"><img loading=\"lazy\" decoding=\"async\" width=\"924\" height=\"564\" src=\"https:\/\/blogdorogeriogomes.com.br\/wp-content\/uploads\/2022\/10\/IMG-20221030-WA0004.jpg\" alt=\"\" class=\"wp-image-27376\" srcset=\"https:\/\/blogdorogeriogomes.com.br\/noticias\/wp-content\/uploads\/2022\/10\/IMG-20221030-WA0004.jpg 924w, https:\/\/blogdorogeriogomes.com.br\/noticias\/wp-content\/uploads\/2022\/10\/IMG-20221030-WA0004-300x183.jpg 300w, https:\/\/blogdorogeriogomes.com.br\/noticias\/wp-content\/uploads\/2022\/10\/IMG-20221030-WA0004-768x469.jpg 768w, https:\/\/blogdorogeriogomes.com.br\/noticias\/wp-content\/uploads\/2022\/10\/IMG-20221030-WA0004-800x488.jpg 800w\" sizes=\"auto, (max-width: 924px) 100vw, 924px\" \/><\/figure>\n","protected":false},"excerpt":{"rendered":"<p>Lula (PT) e Jair Bolsonaro (PL) j\u00e1 votaram neste domingo, dia 30 de outubro, no 2\u00b0 turno. Enquanto o atual presidente da Rep\u00fablica diz ainda acreditar na vit\u00f3ria, o petista destaca que o eleitor vai definir que modelo de Brasil ser\u00e1 colocado em pr\u00e1tica nos pr\u00f3ximos quatro anos.Sobre o epis\u00f3dio envolvendo a deputada federal Carla Zambelli, aliada de Bolsonaro, que sacou uma arma de fogo e correu atr\u00e1s de um homem negro, Lula foi enf\u00e1tico: &#8220;este \u00e9 o Brasil&hellip;<\/p>\n","protected":false},"author":1,"featured_media":27376,"comment_status":"open","ping_status":"open","sticky":false,"template":"","format":"standard","meta":{"footnotes":""},"categories":[1],"tags":[],"class_list":["post-27375","post","type-post","status-publish","format-standard","has-post-thumbnail","hentry","category-noticias"],"_links":{"self":[{"href":"https:\/\/blogdorogeriogomes.com.br\/noticias\/wp-json\/wp\/v2\/posts\/27375","targetHints":{"allow":["GET"]}}],"collection":[{"href":"https:\/\/blogdorogeriogomes.com.br\/noticias\/wp-json\/wp\/v2\/posts"}],"about":[{"href":"https:\/\/blogdorogeriogomes.com.br\/noticias\/wp-json\/wp\/v2\/types\/post"}],"author":[{"embeddable":true,"href":"https:\/\/blogdorogeriogomes.com.br\/noticias\/wp-json\/wp\/v2\/users\/1"}],"replies":[{"embeddable":true,"href":"https:\/\/blogdorogeriogomes.com.br\/noticias\/wp-json\/wp\/v2\/comments?post=27375"}],"version-history":[{"count":1,"href":"https:\/\/blogdorogeriogomes.com.br\/noticias\/wp-json\/wp\/v2\/posts\/27375\/revisions"}],"predecessor-version":[{"id":27377,"href":"https:\/\/blogdorogeriogomes.com.br\/noticias\/wp-json\/wp\/v2\/posts\/27375\/revisions\/27377"}],"wp:featuredmedia":[{"embeddable":true,"href":"https:\/\/blogdorogeriogomes.com.br\/noticias\/wp-json\/wp\/v2\/media\/27376"}],"wp:attachment":[{"href":"https:\/\/blogdorogeriogomes.com.br\/noticias\/wp-json\/wp\/v2\/media?parent=27375"}],"wp:term":[{"taxonomy":"category","embeddable":true,"href":"https:\/\/blogdorogeriogomes.com.br\/noticias\/wp-json\/wp\/v2\/categories?post=27375"},{"taxonomy":"post_tag","embeddable":true,"href":"https:\/\/blogdorogeriogomes.com.br\/noticias\/wp-json\/wp\/v2\/tags?post=27375"}],"curies":[{"name":"wp","href":"https:\/\/api.w.org\/{rel}","templated":true}]}}