{"id":27382,"date":"2022-10-31T11:57:10","date_gmt":"2022-10-31T11:57:10","guid":{"rendered":"https:\/\/blogdorogeriogomes.com.br\/?p=27382"},"modified":"2022-10-31T12:59:45","modified_gmt":"2022-10-31T12:59:45","slug":"lula-ganhou-em-todos-os-municipios-do-ceara-festa-da-vitoria-ganhou-ruas-e-avenidas-de-fortaleza","status":"publish","type":"post","link":"https:\/\/blogdorogeriogomes.com.br\/noticias\/2022\/10\/lula-ganhou-em-todos-os-municipios-do-ceara-festa-da-vitoria-ganhou-ruas-e-avenidas-de-fortaleza\/","title":{"rendered":"Lula ganhou em todos os munic\u00edpios do Cear\u00e1. Festa da vit\u00f3ria ganhou ruas e avenidas de Fortaleza"},"content":{"rendered":"\n<p>Todos os 184 munic\u00edpios do Cear\u00e1 tiveram a maioria dos votos para Luiz In\u00e1cio Lula da Silva (PT) no segundo turno das elei\u00e7\u00f5es 2022. O Cear\u00e1 chegou a 100% das urnas apuradas \u00e0s 20h19 de ontem. Lula teve 69,97% dos votos v\u00e1lidos, contra 30,03% do candidato Jair Bolsonaro (PL), segundo o Tribunal Superior Eleitoral (TSE).<br>Ap\u00f3s a vit\u00f3ria, eleitores de Lula ganharam ruas e avenidas de Fortaleza para comemorar. As maiores foram na avenida da Universidade, no bairro Benfica, e no comit\u00ea central, na Washington Soares.<br>A governadora Izolda Cela, o governador eleito Elmano de Freitas, o senador eleito Camilo Santana, o presidente da Assembleia Legislativa, Evandro Leit\u00e3o, o deputado federal Eun\u00edcio Oliveira, prefeitos, parlamentares e lideran\u00e7as pol\u00edticas fizeram parte da festa.<\/p>\n\n\n\n<figure class=\"wp-block-image size-large\"><img loading=\"lazy\" decoding=\"async\" width=\"1024\" height=\"768\" src=\"https:\/\/blogdorogeriogomes.com.br\/wp-content\/uploads\/2022\/10\/IMG-20221031-WA0002-1024x768.jpg\" alt=\"\" class=\"wp-image-27383\" srcset=\"https:\/\/blogdorogeriogomes.com.br\/noticias\/wp-content\/uploads\/2022\/10\/IMG-20221031-WA0002-1024x768.jpg 1024w, https:\/\/blogdorogeriogomes.com.br\/noticias\/wp-content\/uploads\/2022\/10\/IMG-20221031-WA0002-300x225.jpg 300w, https:\/\/blogdorogeriogomes.com.br\/noticias\/wp-content\/uploads\/2022\/10\/IMG-20221031-WA0002-768x576.jpg 768w, https:\/\/blogdorogeriogomes.com.br\/noticias\/wp-content\/uploads\/2022\/10\/IMG-20221031-WA0002-1536x1152.jpg 1536w, https:\/\/blogdorogeriogomes.com.br\/noticias\/wp-content\/uploads\/2022\/10\/IMG-20221031-WA0002-800x600.jpg 800w, https:\/\/blogdorogeriogomes.com.br\/noticias\/wp-content\/uploads\/2022\/10\/IMG-20221031-WA0002-400x300.jpg 400w, https:\/\/blogdorogeriogomes.com.br\/noticias\/wp-content\/uploads\/2022\/10\/IMG-20221031-WA0002.jpg 1600w\" sizes=\"auto, (max-width: 1024px) 100vw, 1024px\" \/><\/figure>\n","protected":false},"excerpt":{"rendered":"<p>Todos os 184 munic\u00edpios do Cear\u00e1 tiveram a maioria dos votos para Luiz In\u00e1cio Lula da Silva (PT) no segundo turno das elei\u00e7\u00f5es 2022. O Cear\u00e1 chegou a 100% das urnas apuradas \u00e0s 20h19 de ontem. Lula teve 69,97% dos votos v\u00e1lidos, contra 30,03% do candidato Jair Bolsonaro (PL), segundo o Tribunal Superior Eleitoral (TSE).Ap\u00f3s a vit\u00f3ria, eleitores de Lula ganharam ruas e avenidas de Fortaleza para comemorar. As maiores foram na avenida da Universidade, no bairro Benfica, e&hellip;<\/p>\n","protected":false},"author":1,"featured_media":27383,"comment_status":"open","ping_status":"open","sticky":false,"template":"","format":"standard","meta":{"footnotes":""},"categories":[1],"tags":[],"class_list":["post-27382","post","type-post","status-publish","format-standard","has-post-thumbnail","hentry","category-noticias"],"_links":{"self":[{"href":"https:\/\/blogdorogeriogomes.com.br\/noticias\/wp-json\/wp\/v2\/posts\/27382","targetHints":{"allow":["GET"]}}],"collection":[{"href":"https:\/\/blogdorogeriogomes.com.br\/noticias\/wp-json\/wp\/v2\/posts"}],"about":[{"href":"https:\/\/blogdorogeriogomes.com.br\/noticias\/wp-json\/wp\/v2\/types\/post"}],"author":[{"embeddable":true,"href":"https:\/\/blogdorogeriogomes.com.br\/noticias\/wp-json\/wp\/v2\/users\/1"}],"replies":[{"embeddable":true,"href":"https:\/\/blogdorogeriogomes.com.br\/noticias\/wp-json\/wp\/v2\/comments?post=27382"}],"version-history":[{"count":1,"href":"https:\/\/blogdorogeriogomes.com.br\/noticias\/wp-json\/wp\/v2\/posts\/27382\/revisions"}],"predecessor-version":[{"id":27384,"href":"https:\/\/blogdorogeriogomes.com.br\/noticias\/wp-json\/wp\/v2\/posts\/27382\/revisions\/27384"}],"wp:featuredmedia":[{"embeddable":true,"href":"https:\/\/blogdorogeriogomes.com.br\/noticias\/wp-json\/wp\/v2\/media\/27383"}],"wp:attachment":[{"href":"https:\/\/blogdorogeriogomes.com.br\/noticias\/wp-json\/wp\/v2\/media?parent=27382"}],"wp:term":[{"taxonomy":"category","embeddable":true,"href":"https:\/\/blogdorogeriogomes.com.br\/noticias\/wp-json\/wp\/v2\/categories?post=27382"},{"taxonomy":"post_tag","embeddable":true,"href":"https:\/\/blogdorogeriogomes.com.br\/noticias\/wp-json\/wp\/v2\/tags?post=27382"}],"curies":[{"name":"wp","href":"https:\/\/api.w.org\/{rel}","templated":true}]}}