{"id":27385,"date":"2022-10-31T12:00:59","date_gmt":"2022-10-31T12:00:59","guid":{"rendered":"https:\/\/blogdorogeriogomes.com.br\/?p=27385"},"modified":"2022-10-31T12:59:38","modified_gmt":"2022-10-31T12:59:38","slug":"ciro-gomes-parabeniza-lula-pela-vitoria-e-defende-a-pacificacao-do-pais","status":"publish","type":"post","link":"https:\/\/blogdorogeriogomes.com.br\/noticias\/2022\/10\/ciro-gomes-parabeniza-lula-pela-vitoria-e-defende-a-pacificacao-do-pais\/","title":{"rendered":"Ciro Gomes parabeniza Lula pela vit\u00f3ria e defende a pacifica\u00e7\u00e3o do Pa\u00eds"},"content":{"rendered":"\n<p>O ex-ministro Ciro Gomes (PDT) parabenizou a vit\u00f3ria do presidente eleito, Luiz In\u00e1cio Lula da Silva, neste domingo, dia 30 de outubro, ap\u00f3s resultado do 2\u00b0 turno das elei\u00e7\u00f5es.<br>&#8220;Cumprindo o saud\u00e1vel dever democr\u00e1tico, quero cumprimentar o presidente Luiz In\u00e1cio Lula da Silva por sua vit\u00f3ria nas elei\u00e7\u00f5es rec\u00e9m apuradas. Desejo ao presidente eleito toda a felicidade na honrosa miss\u00e3o a si concedida pela maioria de nosso povo brasileiro&#8221;, declarou Ciro.<br>Sobre o seu voto no 2\u00b0 turno, o pedetista disse: &#8220;Segui a orienta\u00e7\u00e3o do partido&#8221;. O PDT declarou apoio a Lula<br>Candidato derrotado no 1\u00b0 turno, Ciro Gomes voltou a dizer que n\u00e3o far\u00e1 parte do governo do pr\u00f3ximo presidente. Resta agora saber como ficar\u00e1 a posi\u00e7\u00e3o do PDT no futuro Governo Lula e tamb\u00e9m no Governo Elmano de Freitas, no Cear\u00e1.<\/p>\n\n\n\n<figure class=\"wp-block-image size-full\"><img loading=\"lazy\" decoding=\"async\" width=\"924\" height=\"564\" src=\"https:\/\/blogdorogeriogomes.com.br\/wp-content\/uploads\/2022\/10\/IMG-20221030-WA0004.jpg\" alt=\"\" class=\"wp-image-27376\" srcset=\"https:\/\/blogdorogeriogomes.com.br\/noticias\/wp-content\/uploads\/2022\/10\/IMG-20221030-WA0004.jpg 924w, https:\/\/blogdorogeriogomes.com.br\/noticias\/wp-content\/uploads\/2022\/10\/IMG-20221030-WA0004-300x183.jpg 300w, https:\/\/blogdorogeriogomes.com.br\/noticias\/wp-content\/uploads\/2022\/10\/IMG-20221030-WA0004-768x469.jpg 768w, https:\/\/blogdorogeriogomes.com.br\/noticias\/wp-content\/uploads\/2022\/10\/IMG-20221030-WA0004-800x488.jpg 800w\" sizes=\"auto, (max-width: 924px) 100vw, 924px\" \/><\/figure>\n\n\n\n<figure class=\"wp-block-image size-full is-resized\"><img loading=\"lazy\" decoding=\"async\" src=\"https:\/\/blogdorogeriogomes.com.br\/wp-content\/uploads\/2022\/10\/IMG-20221031-WA0000.jpg\" alt=\"\" class=\"wp-image-27386\" width=\"368\" height=\"293\" srcset=\"https:\/\/blogdorogeriogomes.com.br\/noticias\/wp-content\/uploads\/2022\/10\/IMG-20221031-WA0000.jpg 619w, https:\/\/blogdorogeriogomes.com.br\/noticias\/wp-content\/uploads\/2022\/10\/IMG-20221031-WA0000-300x240.jpg 300w\" sizes=\"auto, (max-width: 368px) 100vw, 368px\" \/><\/figure>\n","protected":false},"excerpt":{"rendered":"<p>O ex-ministro Ciro Gomes (PDT) parabenizou a vit\u00f3ria do presidente eleito, Luiz In\u00e1cio Lula da Silva, neste domingo, dia 30 de outubro, ap\u00f3s resultado do 2\u00b0 turno das elei\u00e7\u00f5es.&#8220;Cumprindo o saud\u00e1vel dever democr\u00e1tico, quero cumprimentar o presidente Luiz In\u00e1cio Lula da Silva por sua vit\u00f3ria nas elei\u00e7\u00f5es rec\u00e9m apuradas. Desejo ao presidente eleito toda a felicidade na honrosa miss\u00e3o a si concedida pela maioria de nosso povo brasileiro&#8221;, declarou Ciro.Sobre o seu voto no 2\u00b0 turno, o pedetista disse:&hellip;<\/p>\n","protected":false},"author":1,"featured_media":27376,"comment_status":"open","ping_status":"open","sticky":false,"template":"","format":"standard","meta":{"footnotes":""},"categories":[1],"tags":[],"class_list":["post-27385","post","type-post","status-publish","format-standard","has-post-thumbnail","hentry","category-noticias"],"_links":{"self":[{"href":"https:\/\/blogdorogeriogomes.com.br\/noticias\/wp-json\/wp\/v2\/posts\/27385","targetHints":{"allow":["GET"]}}],"collection":[{"href":"https:\/\/blogdorogeriogomes.com.br\/noticias\/wp-json\/wp\/v2\/posts"}],"about":[{"href":"https:\/\/blogdorogeriogomes.com.br\/noticias\/wp-json\/wp\/v2\/types\/post"}],"author":[{"embeddable":true,"href":"https:\/\/blogdorogeriogomes.com.br\/noticias\/wp-json\/wp\/v2\/users\/1"}],"replies":[{"embeddable":true,"href":"https:\/\/blogdorogeriogomes.com.br\/noticias\/wp-json\/wp\/v2\/comments?post=27385"}],"version-history":[{"count":1,"href":"https:\/\/blogdorogeriogomes.com.br\/noticias\/wp-json\/wp\/v2\/posts\/27385\/revisions"}],"predecessor-version":[{"id":27387,"href":"https:\/\/blogdorogeriogomes.com.br\/noticias\/wp-json\/wp\/v2\/posts\/27385\/revisions\/27387"}],"wp:featuredmedia":[{"embeddable":true,"href":"https:\/\/blogdorogeriogomes.com.br\/noticias\/wp-json\/wp\/v2\/media\/27376"}],"wp:attachment":[{"href":"https:\/\/blogdorogeriogomes.com.br\/noticias\/wp-json\/wp\/v2\/media?parent=27385"}],"wp:term":[{"taxonomy":"category","embeddable":true,"href":"https:\/\/blogdorogeriogomes.com.br\/noticias\/wp-json\/wp\/v2\/categories?post=27385"},{"taxonomy":"post_tag","embeddable":true,"href":"https:\/\/blogdorogeriogomes.com.br\/noticias\/wp-json\/wp\/v2\/tags?post=27385"}],"curies":[{"name":"wp","href":"https:\/\/api.w.org\/{rel}","templated":true}]}}