{"id":27399,"date":"2022-11-01T10:26:44","date_gmt":"2022-11-01T10:26:44","guid":{"rendered":"https:\/\/blogdorogeriogomes.com.br\/?p=27399"},"modified":"2022-11-01T16:13:41","modified_gmt":"2022-11-01T16:13:41","slug":"governo-estadual-lanca-edital-de-concurso-publico-para-a-policia-militar-do-ceara","status":"publish","type":"post","link":"https:\/\/blogdorogeriogomes.com.br\/noticias\/2022\/11\/governo-estadual-lanca-edital-de-concurso-publico-para-a-policia-militar-do-ceara\/","title":{"rendered":"Governo estadual lan\u00e7a edital de concurso p\u00fablico para a Pol\u00edcia Militar do Cear\u00e1"},"content":{"rendered":"\n<p>Mais investimento para a seguran\u00e7a dos cearenses. A governadora Izolda Cela anunciou, na tarde desta segunda-feira, dia 31 de outubro, por meio de live realizada nas redes sociais, o lan\u00e7amento do Edital do Concurso P\u00fablico para o cargo de 2\u00ba Tenente do Quadro de Oficiais Combatentes da Pol\u00edcia Militar (QOPM) da Pol\u00edcia Militar do Cear\u00e1 (PMCE), com 113 vagas imediatas e 187 para cadastro reserva. As inscri\u00e7\u00f5es do certame ter\u00e3o in\u00edcio no dia 18 de novembro e a remunera\u00e7\u00e3o inicial \u00e9 de mais de R$ 4,5 mil reais.<br>As inscri\u00e7\u00f5es para o concurso ser\u00e3o oficialmente iniciadas no dia 18 de novembro e se estendem at\u00e9 21 de dezembro de 2022. Dentre outros requisitos para a investidura no cargo \u00e9 exigida a idade m\u00ednima de 18 anos no ato de inscri\u00e7\u00e3o e at\u00e9 30 anos incompletos.<\/p>\n\n\n\n<figure class=\"wp-block-image size-large\"><img loading=\"lazy\" decoding=\"async\" width=\"1024\" height=\"684\" src=\"https:\/\/blogdorogeriogomes.com.br\/wp-content\/uploads\/2022\/11\/IMG-20221101-WA0001-1024x684.jpg\" alt=\"\" class=\"wp-image-27400\" srcset=\"https:\/\/blogdorogeriogomes.com.br\/noticias\/wp-content\/uploads\/2022\/11\/IMG-20221101-WA0001-1024x684.jpg 1024w, https:\/\/blogdorogeriogomes.com.br\/noticias\/wp-content\/uploads\/2022\/11\/IMG-20221101-WA0001-300x201.jpg 300w, https:\/\/blogdorogeriogomes.com.br\/noticias\/wp-content\/uploads\/2022\/11\/IMG-20221101-WA0001-768x513.jpg 768w, https:\/\/blogdorogeriogomes.com.br\/noticias\/wp-content\/uploads\/2022\/11\/IMG-20221101-WA0001-800x535.jpg 800w, https:\/\/blogdorogeriogomes.com.br\/noticias\/wp-content\/uploads\/2022\/11\/IMG-20221101-WA0001.jpg 1200w\" sizes=\"auto, (max-width: 1024px) 100vw, 1024px\" \/><\/figure>\n","protected":false},"excerpt":{"rendered":"<p>Mais investimento para a seguran\u00e7a dos cearenses. A governadora Izolda Cela anunciou, na tarde desta segunda-feira, dia 31 de outubro, por meio de live realizada nas redes sociais, o lan\u00e7amento do Edital do Concurso P\u00fablico para o cargo de 2\u00ba Tenente do Quadro de Oficiais Combatentes da Pol\u00edcia Militar (QOPM) da Pol\u00edcia Militar do Cear\u00e1 (PMCE), com 113 vagas imediatas e 187 para cadastro reserva. As inscri\u00e7\u00f5es do certame ter\u00e3o in\u00edcio no dia 18 de novembro e a remunera\u00e7\u00e3o&hellip;<\/p>\n","protected":false},"author":1,"featured_media":27400,"comment_status":"open","ping_status":"open","sticky":false,"template":"","format":"standard","meta":{"footnotes":""},"categories":[1],"tags":[],"class_list":["post-27399","post","type-post","status-publish","format-standard","has-post-thumbnail","hentry","category-noticias"],"_links":{"self":[{"href":"https:\/\/blogdorogeriogomes.com.br\/noticias\/wp-json\/wp\/v2\/posts\/27399","targetHints":{"allow":["GET"]}}],"collection":[{"href":"https:\/\/blogdorogeriogomes.com.br\/noticias\/wp-json\/wp\/v2\/posts"}],"about":[{"href":"https:\/\/blogdorogeriogomes.com.br\/noticias\/wp-json\/wp\/v2\/types\/post"}],"author":[{"embeddable":true,"href":"https:\/\/blogdorogeriogomes.com.br\/noticias\/wp-json\/wp\/v2\/users\/1"}],"replies":[{"embeddable":true,"href":"https:\/\/blogdorogeriogomes.com.br\/noticias\/wp-json\/wp\/v2\/comments?post=27399"}],"version-history":[{"count":1,"href":"https:\/\/blogdorogeriogomes.com.br\/noticias\/wp-json\/wp\/v2\/posts\/27399\/revisions"}],"predecessor-version":[{"id":27401,"href":"https:\/\/blogdorogeriogomes.com.br\/noticias\/wp-json\/wp\/v2\/posts\/27399\/revisions\/27401"}],"wp:featuredmedia":[{"embeddable":true,"href":"https:\/\/blogdorogeriogomes.com.br\/noticias\/wp-json\/wp\/v2\/media\/27400"}],"wp:attachment":[{"href":"https:\/\/blogdorogeriogomes.com.br\/noticias\/wp-json\/wp\/v2\/media?parent=27399"}],"wp:term":[{"taxonomy":"category","embeddable":true,"href":"https:\/\/blogdorogeriogomes.com.br\/noticias\/wp-json\/wp\/v2\/categories?post=27399"},{"taxonomy":"post_tag","embeddable":true,"href":"https:\/\/blogdorogeriogomes.com.br\/noticias\/wp-json\/wp\/v2\/tags?post=27399"}],"curies":[{"name":"wp","href":"https:\/\/api.w.org\/{rel}","templated":true}]}}