{"id":27405,"date":"2022-11-01T11:32:17","date_gmt":"2022-11-01T11:32:17","guid":{"rendered":"https:\/\/blogdorogeriogomes.com.br\/?p=27405"},"modified":"2022-11-01T16:13:20","modified_gmt":"2022-11-01T16:13:20","slug":"pt-quer-iniciar-transicao-de-governo-ate-sexta-feira-alckmin-deve-coordenar-os-trabalhos","status":"publish","type":"post","link":"https:\/\/blogdorogeriogomes.com.br\/noticias\/2022\/11\/pt-quer-iniciar-transicao-de-governo-ate-sexta-feira-alckmin-deve-coordenar-os-trabalhos\/","title":{"rendered":"PT quer iniciar transi\u00e7\u00e3o de Governo at\u00e9 sexta-feira. Alckmin deve coordenar os trabalhos"},"content":{"rendered":"\n<p>O vice-presidente eleito Geraldo Alckmin (PSB) deve coordenar os trabalhos de transi\u00e7\u00e3o do Governo Federal. A expectativa da dire\u00e7\u00e3o nacional do PT \u00e9 que os trabalhos sejam iniciados at\u00e9 a pr\u00f3xima sexta-feira, dia 4 de novembro, mesmo sem manifesta\u00e7\u00e3o do presidente Jair Bolsonaro.<br>Enquanto isso, a especula\u00e7\u00e3o gira em torno de quem deve ocupar os minist\u00e9rios de Lula. O presidente eleito viaja para a Bahia, onde deve aproveitar dois dias de descanso ap\u00f3s uma campanha eleitoral extensa, realizada em dois turnos.<br>Mas Lula n\u00e3o tem tempo a perder e come\u00e7a a definir a partir desta semana os nomes de seus futuros ministros e interlocutores de confian\u00e7a para seu terceiro governo.<br>A deputada federal Gleisi Hoffmann, o ex-ministro Aloizio Mercadante, o vice Geraldo Alckmin (PSB) e a senadora Simone Tebet (MDB) s\u00e3o conselheiros que devem ajudar na defini\u00e7\u00e3o dos novos ministros.<br>Do Cear\u00e1, o senador eleito Camilo Santana e a governadora Izolda Cela s\u00e3o cotados para assumir fun\u00e7\u00f5es importantes no Governo Federal, a partir de janeiro de 2023.<\/p>\n\n\n\n<figure class=\"wp-block-image size-full\"><img loading=\"lazy\" decoding=\"async\" width=\"450\" height=\"337\" src=\"https:\/\/blogdorogeriogomes.com.br\/wp-content\/uploads\/2022\/11\/IMG-20221101-WA0003.jpg\" alt=\"\" class=\"wp-image-27406\" srcset=\"https:\/\/blogdorogeriogomes.com.br\/noticias\/wp-content\/uploads\/2022\/11\/IMG-20221101-WA0003.jpg 450w, https:\/\/blogdorogeriogomes.com.br\/noticias\/wp-content\/uploads\/2022\/11\/IMG-20221101-WA0003-300x225.jpg 300w, https:\/\/blogdorogeriogomes.com.br\/noticias\/wp-content\/uploads\/2022\/11\/IMG-20221101-WA0003-400x300.jpg 400w\" sizes=\"auto, (max-width: 450px) 100vw, 450px\" \/><\/figure>\n","protected":false},"excerpt":{"rendered":"<p>O vice-presidente eleito Geraldo Alckmin (PSB) deve coordenar os trabalhos de transi\u00e7\u00e3o do Governo Federal. A expectativa da dire\u00e7\u00e3o nacional do PT \u00e9 que os trabalhos sejam iniciados at\u00e9 a pr\u00f3xima sexta-feira, dia 4 de novembro, mesmo sem manifesta\u00e7\u00e3o do presidente Jair Bolsonaro.Enquanto isso, a especula\u00e7\u00e3o gira em torno de quem deve ocupar os minist\u00e9rios de Lula. O presidente eleito viaja para a Bahia, onde deve aproveitar dois dias de descanso ap\u00f3s uma campanha eleitoral extensa, realizada em dois&hellip;<\/p>\n","protected":false},"author":1,"featured_media":27406,"comment_status":"open","ping_status":"open","sticky":false,"template":"","format":"standard","meta":{"footnotes":""},"categories":[1],"tags":[],"class_list":["post-27405","post","type-post","status-publish","format-standard","has-post-thumbnail","hentry","category-noticias"],"_links":{"self":[{"href":"https:\/\/blogdorogeriogomes.com.br\/noticias\/wp-json\/wp\/v2\/posts\/27405","targetHints":{"allow":["GET"]}}],"collection":[{"href":"https:\/\/blogdorogeriogomes.com.br\/noticias\/wp-json\/wp\/v2\/posts"}],"about":[{"href":"https:\/\/blogdorogeriogomes.com.br\/noticias\/wp-json\/wp\/v2\/types\/post"}],"author":[{"embeddable":true,"href":"https:\/\/blogdorogeriogomes.com.br\/noticias\/wp-json\/wp\/v2\/users\/1"}],"replies":[{"embeddable":true,"href":"https:\/\/blogdorogeriogomes.com.br\/noticias\/wp-json\/wp\/v2\/comments?post=27405"}],"version-history":[{"count":1,"href":"https:\/\/blogdorogeriogomes.com.br\/noticias\/wp-json\/wp\/v2\/posts\/27405\/revisions"}],"predecessor-version":[{"id":27407,"href":"https:\/\/blogdorogeriogomes.com.br\/noticias\/wp-json\/wp\/v2\/posts\/27405\/revisions\/27407"}],"wp:featuredmedia":[{"embeddable":true,"href":"https:\/\/blogdorogeriogomes.com.br\/noticias\/wp-json\/wp\/v2\/media\/27406"}],"wp:attachment":[{"href":"https:\/\/blogdorogeriogomes.com.br\/noticias\/wp-json\/wp\/v2\/media?parent=27405"}],"wp:term":[{"taxonomy":"category","embeddable":true,"href":"https:\/\/blogdorogeriogomes.com.br\/noticias\/wp-json\/wp\/v2\/categories?post=27405"},{"taxonomy":"post_tag","embeddable":true,"href":"https:\/\/blogdorogeriogomes.com.br\/noticias\/wp-json\/wp\/v2\/tags?post=27405"}],"curies":[{"name":"wp","href":"https:\/\/api.w.org\/{rel}","templated":true}]}}