{"id":27417,"date":"2022-11-04T01:22:38","date_gmt":"2022-11-04T01:22:38","guid":{"rendered":"https:\/\/blogdorogeriogomes.com.br\/?p=27417"},"modified":"2022-11-07T11:47:52","modified_gmt":"2022-11-07T11:47:52","slug":"dois-vereadores-despontam-como-candidatos-a-presidencia-da-camara-municipal-de-fortaleza-em-dezembro","status":"publish","type":"post","link":"https:\/\/blogdorogeriogomes.com.br\/noticias\/2022\/11\/dois-vereadores-despontam-como-candidatos-a-presidencia-da-camara-municipal-de-fortaleza-em-dezembro\/","title":{"rendered":"Dois vereadores despontam como candidatos \u00e0 Presid\u00eancia da C\u00e2mara Municipal de Fortaleza em dezembro"},"content":{"rendered":"\n<p>A C\u00e2mara Municipal de Fortaleza (CMF) vai escolher a nova Mesa Diretora em 1\u00b0 de dezembro deste ano. Com a elei\u00e7\u00e3o do atual presidente Ant\u00f4nio Henrique (PDT) para deputado estadual, vai se escolher quem ser\u00e1 o novo presidente da CMF, a partir de janeiro do pr\u00f3ximo ano.<br>O PDT de Fortaleza deve indicar o nome do vereador Gardel Rolim, que \u00e9 o atual l\u00edder do prefeito Jos\u00e9 Sarto na C\u00e2mara Municipal. O PDT tem atualmente 10 vereadores na Casa.<br>Quem tamb\u00e9m trabalha nos bastidores para concorrer \u00e0 Presid\u00eancia da C\u00e2mara Municipal de Fortaleza \u00e9 o vereador L\u00e9o Couto (PSB). L\u00e9o \u00e9 vice-l\u00edder do prefeito Jos\u00e9 Sarto, mas na disputa para o Governo do Estado este ano ficou ao lado do governador eleito Elmano de Freitas (PT) e do senador eleito Camilo Santana (PT).<\/p>\n\n\n\n<figure class=\"wp-block-image size-large\"><img loading=\"lazy\" decoding=\"async\" width=\"1024\" height=\"1024\" src=\"https:\/\/blogdorogeriogomes.com.br\/wp-content\/uploads\/2022\/11\/IMG-20221103-WA0002-1024x1024.jpg\" alt=\"\" class=\"wp-image-27418\" srcset=\"https:\/\/blogdorogeriogomes.com.br\/noticias\/wp-content\/uploads\/2022\/11\/IMG-20221103-WA0002-1024x1024.jpg 1024w, https:\/\/blogdorogeriogomes.com.br\/noticias\/wp-content\/uploads\/2022\/11\/IMG-20221103-WA0002-300x300.jpg 300w, https:\/\/blogdorogeriogomes.com.br\/noticias\/wp-content\/uploads\/2022\/11\/IMG-20221103-WA0002-150x150.jpg 150w, https:\/\/blogdorogeriogomes.com.br\/noticias\/wp-content\/uploads\/2022\/11\/IMG-20221103-WA0002-768x768.jpg 768w, https:\/\/blogdorogeriogomes.com.br\/noticias\/wp-content\/uploads\/2022\/11\/IMG-20221103-WA0002-1536x1536.jpg 1536w, https:\/\/blogdorogeriogomes.com.br\/noticias\/wp-content\/uploads\/2022\/11\/IMG-20221103-WA0002-800x800.jpg 800w, https:\/\/blogdorogeriogomes.com.br\/noticias\/wp-content\/uploads\/2022\/11\/IMG-20221103-WA0002-250x250.jpg 250w, https:\/\/blogdorogeriogomes.com.br\/noticias\/wp-content\/uploads\/2022\/11\/IMG-20221103-WA0002.jpg 1600w\" sizes=\"auto, (max-width: 1024px) 100vw, 1024px\" \/><\/figure>\n","protected":false},"excerpt":{"rendered":"<p>A C\u00e2mara Municipal de Fortaleza (CMF) vai escolher a nova Mesa Diretora em 1\u00b0 de dezembro deste ano. Com a elei\u00e7\u00e3o do atual presidente Ant\u00f4nio Henrique (PDT) para deputado estadual, vai se escolher quem ser\u00e1 o novo presidente da CMF, a partir de janeiro do pr\u00f3ximo ano.O PDT de Fortaleza deve indicar o nome do vereador Gardel Rolim, que \u00e9 o atual l\u00edder do prefeito Jos\u00e9 Sarto na C\u00e2mara Municipal. O PDT tem atualmente 10 vereadores na Casa.Quem tamb\u00e9m&hellip;<\/p>\n","protected":false},"author":1,"featured_media":27418,"comment_status":"open","ping_status":"open","sticky":false,"template":"","format":"standard","meta":{"footnotes":""},"categories":[1],"tags":[],"class_list":["post-27417","post","type-post","status-publish","format-standard","has-post-thumbnail","hentry","category-noticias"],"_links":{"self":[{"href":"https:\/\/blogdorogeriogomes.com.br\/noticias\/wp-json\/wp\/v2\/posts\/27417","targetHints":{"allow":["GET"]}}],"collection":[{"href":"https:\/\/blogdorogeriogomes.com.br\/noticias\/wp-json\/wp\/v2\/posts"}],"about":[{"href":"https:\/\/blogdorogeriogomes.com.br\/noticias\/wp-json\/wp\/v2\/types\/post"}],"author":[{"embeddable":true,"href":"https:\/\/blogdorogeriogomes.com.br\/noticias\/wp-json\/wp\/v2\/users\/1"}],"replies":[{"embeddable":true,"href":"https:\/\/blogdorogeriogomes.com.br\/noticias\/wp-json\/wp\/v2\/comments?post=27417"}],"version-history":[{"count":1,"href":"https:\/\/blogdorogeriogomes.com.br\/noticias\/wp-json\/wp\/v2\/posts\/27417\/revisions"}],"predecessor-version":[{"id":27419,"href":"https:\/\/blogdorogeriogomes.com.br\/noticias\/wp-json\/wp\/v2\/posts\/27417\/revisions\/27419"}],"wp:featuredmedia":[{"embeddable":true,"href":"https:\/\/blogdorogeriogomes.com.br\/noticias\/wp-json\/wp\/v2\/media\/27418"}],"wp:attachment":[{"href":"https:\/\/blogdorogeriogomes.com.br\/noticias\/wp-json\/wp\/v2\/media?parent=27417"}],"wp:term":[{"taxonomy":"category","embeddable":true,"href":"https:\/\/blogdorogeriogomes.com.br\/noticias\/wp-json\/wp\/v2\/categories?post=27417"},{"taxonomy":"post_tag","embeddable":true,"href":"https:\/\/blogdorogeriogomes.com.br\/noticias\/wp-json\/wp\/v2\/tags?post=27417"}],"curies":[{"name":"wp","href":"https:\/\/api.w.org\/{rel}","templated":true}]}}