{"id":27421,"date":"2022-11-07T10:38:08","date_gmt":"2022-11-07T10:38:08","guid":{"rendered":"https:\/\/blogdorogeriogomes.com.br\/?p=27421"},"modified":"2022-11-07T11:47:56","modified_gmt":"2022-11-07T11:47:56","slug":"equipes-da-transicao-de-governo-sao-nomeadas-e-comecam-a-trabalhar-nesta-segunda-feira","status":"publish","type":"post","link":"https:\/\/blogdorogeriogomes.com.br\/noticias\/2022\/11\/equipes-da-transicao-de-governo-sao-nomeadas-e-comecam-a-trabalhar-nesta-segunda-feira\/","title":{"rendered":"Equipes da transi\u00e7\u00e3o de governo s\u00e3o nomeadas e come\u00e7am a trabalhar nesta segunda-feira"},"content":{"rendered":"\n<p>As equipes de transi\u00e7\u00e3o da governadora Izolda Cela e do governador eleito Elmano de Freitas ( PT) come\u00e7am a atuar nesta segunda-feira, dia 7 de novembro. &#8220;Assinei neste domingo o decreto que institui a equipe de transi\u00e7\u00e3o do Governo. Os nomes foram definidos por mim e pelo governador eleito Elmano de Freitas. O decreto foi publicado em edi\u00e7\u00e3o extra do Di\u00e1rio Oficial do Estado do Cear\u00e1&#8221;, disse Izolda Cela.<br>Os indicados pela governadora Izolda Cela s\u00e3o Chagas Vieira (Coordenador); Ronaldo Borges; Fernanda Pacobahyba; Fl\u00e1vio Juc\u00e1; Vladyson Viana e Rita Bezerra.<br>Pelo governador eleito Elmano de Freitas foram nomeados Eudoro Santana (Coordenador); Lu\u00edsa Cela; Alfredo Pessoa de Oliveira; Augusta Brito; Max Quintino e Ana Maria Fontenele.<\/p>\n\n\n\n<figure class=\"wp-block-image size-full\"><img loading=\"lazy\" decoding=\"async\" width=\"678\" height=\"452\" src=\"https:\/\/blogdorogeriogomes.com.br\/wp-content\/uploads\/2022\/11\/IMG-20221107-WA0003.jpg\" alt=\"\" class=\"wp-image-27422\" srcset=\"https:\/\/blogdorogeriogomes.com.br\/noticias\/wp-content\/uploads\/2022\/11\/IMG-20221107-WA0003.jpg 678w, https:\/\/blogdorogeriogomes.com.br\/noticias\/wp-content\/uploads\/2022\/11\/IMG-20221107-WA0003-300x200.jpg 300w\" sizes=\"auto, (max-width: 678px) 100vw, 678px\" \/><\/figure>\n","protected":false},"excerpt":{"rendered":"<p>As equipes de transi\u00e7\u00e3o da governadora Izolda Cela e do governador eleito Elmano de Freitas ( PT) come\u00e7am a atuar nesta segunda-feira, dia 7 de novembro. &#8220;Assinei neste domingo o decreto que institui a equipe de transi\u00e7\u00e3o do Governo. Os nomes foram definidos por mim e pelo governador eleito Elmano de Freitas. O decreto foi publicado em edi\u00e7\u00e3o extra do Di\u00e1rio Oficial do Estado do Cear\u00e1&#8221;, disse Izolda Cela.Os indicados pela governadora Izolda Cela s\u00e3o Chagas Vieira (Coordenador); Ronaldo&hellip;<\/p>\n","protected":false},"author":1,"featured_media":27422,"comment_status":"open","ping_status":"open","sticky":false,"template":"","format":"standard","meta":{"footnotes":""},"categories":[1],"tags":[],"class_list":["post-27421","post","type-post","status-publish","format-standard","has-post-thumbnail","hentry","category-noticias"],"_links":{"self":[{"href":"https:\/\/blogdorogeriogomes.com.br\/noticias\/wp-json\/wp\/v2\/posts\/27421","targetHints":{"allow":["GET"]}}],"collection":[{"href":"https:\/\/blogdorogeriogomes.com.br\/noticias\/wp-json\/wp\/v2\/posts"}],"about":[{"href":"https:\/\/blogdorogeriogomes.com.br\/noticias\/wp-json\/wp\/v2\/types\/post"}],"author":[{"embeddable":true,"href":"https:\/\/blogdorogeriogomes.com.br\/noticias\/wp-json\/wp\/v2\/users\/1"}],"replies":[{"embeddable":true,"href":"https:\/\/blogdorogeriogomes.com.br\/noticias\/wp-json\/wp\/v2\/comments?post=27421"}],"version-history":[{"count":1,"href":"https:\/\/blogdorogeriogomes.com.br\/noticias\/wp-json\/wp\/v2\/posts\/27421\/revisions"}],"predecessor-version":[{"id":27423,"href":"https:\/\/blogdorogeriogomes.com.br\/noticias\/wp-json\/wp\/v2\/posts\/27421\/revisions\/27423"}],"wp:featuredmedia":[{"embeddable":true,"href":"https:\/\/blogdorogeriogomes.com.br\/noticias\/wp-json\/wp\/v2\/media\/27422"}],"wp:attachment":[{"href":"https:\/\/blogdorogeriogomes.com.br\/noticias\/wp-json\/wp\/v2\/media?parent=27421"}],"wp:term":[{"taxonomy":"category","embeddable":true,"href":"https:\/\/blogdorogeriogomes.com.br\/noticias\/wp-json\/wp\/v2\/categories?post=27421"},{"taxonomy":"post_tag","embeddable":true,"href":"https:\/\/blogdorogeriogomes.com.br\/noticias\/wp-json\/wp\/v2\/tags?post=27421"}],"curies":[{"name":"wp","href":"https:\/\/api.w.org\/{rel}","templated":true}]}}