{"id":27430,"date":"2022-11-08T01:34:52","date_gmt":"2022-11-08T01:34:52","guid":{"rendered":"https:\/\/blogdorogeriogomes.com.br\/?p=27430"},"modified":"2022-11-08T19:42:22","modified_gmt":"2022-11-08T19:42:22","slug":"elmano-e-camilo-tem-encontro-com-lula-e-alckmin-em-sao-paulo","status":"publish","type":"post","link":"https:\/\/blogdorogeriogomes.com.br\/noticias\/2022\/11\/elmano-e-camilo-tem-encontro-com-lula-e-alckmin-em-sao-paulo\/","title":{"rendered":"Elmano e Camilo t\u00eam encontro com Lula e Alckmin em S\u00e3o Paulo"},"content":{"rendered":"\n<p>O governo eleito do Cear\u00e1, Elmano de Freitas (PT), e o senador eleito Camilo Santana (PT) tiveram um encontro, nesta segunda-feira, dia 7 de novembro, em S\u00e3o Paulo, com o presidente eleito Luiz In\u00e1cio Lula da Silva (PT) e o seu vice Geraldo Alckmin (PSB). A reuni\u00e3o serviu para discutir a atual conjuntura pol\u00edtica ap\u00f3s o 2\u00b0 turno e as perspectivas para o Cear\u00e1.<br>Lula aproveitou a oportunidade para agradecer os 70% dos votos que os cearenses deram ao petista no 2\u00b0 turno, que o ajudaram a derrotar o atual presidente Jair Bolsonaro (PL). Lula venceu nos 184 munic\u00edpios do Cear\u00e1.<br>Tamb\u00e9m foi uma oportunidade de Elmano e Camilo abra\u00e7arem o vice Geraldo Alckmin, que chega hoje aos 70 anos.<br>Com o in\u00edcio da transi\u00e7\u00e3o de governo em n\u00edvel nacional, cresce tamb\u00e9m a expectativa pela defini\u00e7\u00e3o do minist\u00e9rio de Lula. Camilo Santana e a governadora Izolda Cela s\u00e3o nomes cotados no cen\u00e1rio nacional para atuar ao lado de Lula em Bras\u00edlia.<\/p>\n\n\n\n<figure class=\"wp-block-image size-large\"><img loading=\"lazy\" decoding=\"async\" width=\"1024\" height=\"695\" src=\"https:\/\/blogdorogeriogomes.com.br\/wp-content\/uploads\/2022\/11\/IMG-20221107-WA0021-1024x695.jpg\" alt=\"\" class=\"wp-image-27431\" srcset=\"https:\/\/blogdorogeriogomes.com.br\/noticias\/wp-content\/uploads\/2022\/11\/IMG-20221107-WA0021-1024x695.jpg 1024w, https:\/\/blogdorogeriogomes.com.br\/noticias\/wp-content\/uploads\/2022\/11\/IMG-20221107-WA0021-300x204.jpg 300w, https:\/\/blogdorogeriogomes.com.br\/noticias\/wp-content\/uploads\/2022\/11\/IMG-20221107-WA0021-768x521.jpg 768w, https:\/\/blogdorogeriogomes.com.br\/noticias\/wp-content\/uploads\/2022\/11\/IMG-20221107-WA0021-800x543.jpg 800w, https:\/\/blogdorogeriogomes.com.br\/noticias\/wp-content\/uploads\/2022\/11\/IMG-20221107-WA0021.jpg 1080w\" sizes=\"auto, (max-width: 1024px) 100vw, 1024px\" \/><\/figure>\n","protected":false},"excerpt":{"rendered":"<p>O governo eleito do Cear\u00e1, Elmano de Freitas (PT), e o senador eleito Camilo Santana (PT) tiveram um encontro, nesta segunda-feira, dia 7 de novembro, em S\u00e3o Paulo, com o presidente eleito Luiz In\u00e1cio Lula da Silva (PT) e o seu vice Geraldo Alckmin (PSB). A reuni\u00e3o serviu para discutir a atual conjuntura pol\u00edtica ap\u00f3s o 2\u00b0 turno e as perspectivas para o Cear\u00e1.Lula aproveitou a oportunidade para agradecer os 70% dos votos que os cearenses deram ao petista&hellip;<\/p>\n","protected":false},"author":1,"featured_media":27431,"comment_status":"open","ping_status":"open","sticky":false,"template":"","format":"standard","meta":{"footnotes":""},"categories":[1],"tags":[],"class_list":["post-27430","post","type-post","status-publish","format-standard","has-post-thumbnail","hentry","category-noticias"],"_links":{"self":[{"href":"https:\/\/blogdorogeriogomes.com.br\/noticias\/wp-json\/wp\/v2\/posts\/27430","targetHints":{"allow":["GET"]}}],"collection":[{"href":"https:\/\/blogdorogeriogomes.com.br\/noticias\/wp-json\/wp\/v2\/posts"}],"about":[{"href":"https:\/\/blogdorogeriogomes.com.br\/noticias\/wp-json\/wp\/v2\/types\/post"}],"author":[{"embeddable":true,"href":"https:\/\/blogdorogeriogomes.com.br\/noticias\/wp-json\/wp\/v2\/users\/1"}],"replies":[{"embeddable":true,"href":"https:\/\/blogdorogeriogomes.com.br\/noticias\/wp-json\/wp\/v2\/comments?post=27430"}],"version-history":[{"count":1,"href":"https:\/\/blogdorogeriogomes.com.br\/noticias\/wp-json\/wp\/v2\/posts\/27430\/revisions"}],"predecessor-version":[{"id":27432,"href":"https:\/\/blogdorogeriogomes.com.br\/noticias\/wp-json\/wp\/v2\/posts\/27430\/revisions\/27432"}],"wp:featuredmedia":[{"embeddable":true,"href":"https:\/\/blogdorogeriogomes.com.br\/noticias\/wp-json\/wp\/v2\/media\/27431"}],"wp:attachment":[{"href":"https:\/\/blogdorogeriogomes.com.br\/noticias\/wp-json\/wp\/v2\/media?parent=27430"}],"wp:term":[{"taxonomy":"category","embeddable":true,"href":"https:\/\/blogdorogeriogomes.com.br\/noticias\/wp-json\/wp\/v2\/categories?post=27430"},{"taxonomy":"post_tag","embeddable":true,"href":"https:\/\/blogdorogeriogomes.com.br\/noticias\/wp-json\/wp\/v2\/tags?post=27430"}],"curies":[{"name":"wp","href":"https:\/\/api.w.org\/{rel}","templated":true}]}}