{"id":27437,"date":"2022-11-09T12:08:20","date_gmt":"2022-11-09T12:08:20","guid":{"rendered":"https:\/\/blogdorogeriogomes.com.br\/?p=27437"},"modified":"2022-11-09T13:37:24","modified_gmt":"2022-11-09T13:37:24","slug":"izolda-cela-inicia-participacao-na-cop27-no-egito","status":"publish","type":"post","link":"https:\/\/blogdorogeriogomes.com.br\/noticias\/2022\/11\/izolda-cela-inicia-participacao-na-cop27-no-egito\/","title":{"rendered":"Izolda Cela inicia participa\u00e7\u00e3o na COP27 no Egito"},"content":{"rendered":"\n<p>A governadora do Cear\u00e1, Izolda Cela, iniciou nesta quarta-feira, dia 9 de novembro, sua participa\u00e7\u00e3o na 27\u00aa Confer\u00eancia da ONU sobre Mudan\u00e7as Clim\u00e1ticas (COP27), em Sharm El Sheikh, no Egito. &#8220;Teremos um dia bem movimentado de agendas&#8221;, disse.<br>Presidentes da Col\u00f4mbia, Gustavo Petro, da Venezuela, Nicol\u00e1s Maduro, e do Suriname, Chan Santokhi, fizeram um apelo para uma nova alian\u00e7a internacional em defesa da Amaz\u00f4nia. A ideia dos chefes de Estado \u00e9 agregar na iniciativa todos os pa\u00edses da bacia amaz\u00f4nica.<br>O presidente Jair Bolsonaro n\u00e3o vai \u00e0 COP27. Isolado das principais discuss\u00f5es sobre mudan\u00e7as clim\u00e1ticas, o Pa\u00eds est\u00e1 sendo representado ministro do Meio Ambiente, Joaquim Leite.<br>O presidente eleito Luiz In\u00e1cio Lula da Silva foi convidado pela ONU para participar do evento. Ele estar\u00e1 no Egito a partir de 14 de novembro. O presidente eleito ter\u00e1 reuni\u00f5es bilaterais cujos temas ser\u00e3o desigualdades sociais e ambientais e combate \u00e0 fome.<\/p>\n\n\n\n<figure class=\"wp-block-image size-large\"><img loading=\"lazy\" decoding=\"async\" width=\"819\" height=\"1024\" src=\"https:\/\/blogdorogeriogomes.com.br\/wp-content\/uploads\/2022\/11\/IMG-20221109-WA0001-819x1024.jpg\" alt=\"\" class=\"wp-image-27438\" srcset=\"https:\/\/blogdorogeriogomes.com.br\/noticias\/wp-content\/uploads\/2022\/11\/IMG-20221109-WA0001-819x1024.jpg 819w, https:\/\/blogdorogeriogomes.com.br\/noticias\/wp-content\/uploads\/2022\/11\/IMG-20221109-WA0001-240x300.jpg 240w, https:\/\/blogdorogeriogomes.com.br\/noticias\/wp-content\/uploads\/2022\/11\/IMG-20221109-WA0001-768x960.jpg 768w, https:\/\/blogdorogeriogomes.com.br\/noticias\/wp-content\/uploads\/2022\/11\/IMG-20221109-WA0001-800x1000.jpg 800w, https:\/\/blogdorogeriogomes.com.br\/noticias\/wp-content\/uploads\/2022\/11\/IMG-20221109-WA0001.jpg 954w\" sizes=\"auto, (max-width: 819px) 100vw, 819px\" \/><\/figure>\n","protected":false},"excerpt":{"rendered":"<p>A governadora do Cear\u00e1, Izolda Cela, iniciou nesta quarta-feira, dia 9 de novembro, sua participa\u00e7\u00e3o na 27\u00aa Confer\u00eancia da ONU sobre Mudan\u00e7as Clim\u00e1ticas (COP27), em Sharm El Sheikh, no Egito. &#8220;Teremos um dia bem movimentado de agendas&#8221;, disse.Presidentes da Col\u00f4mbia, Gustavo Petro, da Venezuela, Nicol\u00e1s Maduro, e do Suriname, Chan Santokhi, fizeram um apelo para uma nova alian\u00e7a internacional em defesa da Amaz\u00f4nia. A ideia dos chefes de Estado \u00e9 agregar na iniciativa todos os pa\u00edses da bacia amaz\u00f4nica.O&hellip;<\/p>\n","protected":false},"author":1,"featured_media":27438,"comment_status":"open","ping_status":"open","sticky":false,"template":"","format":"standard","meta":{"footnotes":""},"categories":[1],"tags":[],"class_list":["post-27437","post","type-post","status-publish","format-standard","has-post-thumbnail","hentry","category-noticias"],"_links":{"self":[{"href":"https:\/\/blogdorogeriogomes.com.br\/noticias\/wp-json\/wp\/v2\/posts\/27437","targetHints":{"allow":["GET"]}}],"collection":[{"href":"https:\/\/blogdorogeriogomes.com.br\/noticias\/wp-json\/wp\/v2\/posts"}],"about":[{"href":"https:\/\/blogdorogeriogomes.com.br\/noticias\/wp-json\/wp\/v2\/types\/post"}],"author":[{"embeddable":true,"href":"https:\/\/blogdorogeriogomes.com.br\/noticias\/wp-json\/wp\/v2\/users\/1"}],"replies":[{"embeddable":true,"href":"https:\/\/blogdorogeriogomes.com.br\/noticias\/wp-json\/wp\/v2\/comments?post=27437"}],"version-history":[{"count":1,"href":"https:\/\/blogdorogeriogomes.com.br\/noticias\/wp-json\/wp\/v2\/posts\/27437\/revisions"}],"predecessor-version":[{"id":27439,"href":"https:\/\/blogdorogeriogomes.com.br\/noticias\/wp-json\/wp\/v2\/posts\/27437\/revisions\/27439"}],"wp:featuredmedia":[{"embeddable":true,"href":"https:\/\/blogdorogeriogomes.com.br\/noticias\/wp-json\/wp\/v2\/media\/27438"}],"wp:attachment":[{"href":"https:\/\/blogdorogeriogomes.com.br\/noticias\/wp-json\/wp\/v2\/media?parent=27437"}],"wp:term":[{"taxonomy":"category","embeddable":true,"href":"https:\/\/blogdorogeriogomes.com.br\/noticias\/wp-json\/wp\/v2\/categories?post=27437"},{"taxonomy":"post_tag","embeddable":true,"href":"https:\/\/blogdorogeriogomes.com.br\/noticias\/wp-json\/wp\/v2\/tags?post=27437"}],"curies":[{"name":"wp","href":"https:\/\/api.w.org\/{rel}","templated":true}]}}