{"id":27440,"date":"2022-11-10T00:42:54","date_gmt":"2022-11-10T00:42:54","guid":{"rendered":"https:\/\/blogdorogeriogomes.com.br\/?p=27440"},"modified":"2022-11-10T12:18:18","modified_gmt":"2022-11-10T12:18:18","slug":"prefeitura-de-fortaleza-define-descontos-para-iptu-de-2023","status":"publish","type":"post","link":"https:\/\/blogdorogeriogomes.com.br\/noticias\/2022\/11\/prefeitura-de-fortaleza-define-descontos-para-iptu-de-2023\/","title":{"rendered":"Prefeitura de Fortaleza define descontos para IPTU de 2023"},"content":{"rendered":"\n<p>O programa Nota Fortaleza, que incentiva o cidad\u00e3o a pedir a nota fiscal no ato da contrata\u00e7\u00e3o de servi\u00e7os, est\u00e1 com uma novidade. A partir desta quarta-feira, dia 9 de novembro, o contribuinte que efetuar o cadastro no programa at\u00e9 o dia 30 de novembro ter\u00e1 descontos adicionais no pagamento da Cotas \u00danicas do Imposto Predial e Territorial Urbano (IPTU) de 2023, conforme o valor de servi\u00e7o das notas emitidas entre 01\/10\/2021 e 30\/09\/2022.<br>Os descontos adicionais s\u00e3o de 1%, 1,5% e 2% a partir de uma pontua\u00e7\u00e3o que tem como base o valor das notas e o limite do valor venal do im\u00f3vel. O desconto advindo pelo programa Nota Fortaleza ser\u00e1 acumulativo com o tradicional desconto de 8% j\u00e1 ofertado para os contribuintes que escolhem pagar o IPTU em Cota \u00danica, podendo ent\u00e3o o abatimento chegar at\u00e9 10%.<\/p>\n\n\n\n<figure class=\"wp-block-image size-full\"><img loading=\"lazy\" decoding=\"async\" width=\"679\" height=\"452\" src=\"https:\/\/blogdorogeriogomes.com.br\/wp-content\/uploads\/2022\/11\/IMG-20221109-WA0002.jpg\" alt=\"\" class=\"wp-image-27441\" srcset=\"https:\/\/blogdorogeriogomes.com.br\/noticias\/wp-content\/uploads\/2022\/11\/IMG-20221109-WA0002.jpg 679w, https:\/\/blogdorogeriogomes.com.br\/noticias\/wp-content\/uploads\/2022\/11\/IMG-20221109-WA0002-300x200.jpg 300w\" sizes=\"auto, (max-width: 679px) 100vw, 679px\" \/><\/figure>\n","protected":false},"excerpt":{"rendered":"<p>O programa Nota Fortaleza, que incentiva o cidad\u00e3o a pedir a nota fiscal no ato da contrata\u00e7\u00e3o de servi\u00e7os, est\u00e1 com uma novidade. A partir desta quarta-feira, dia 9 de novembro, o contribuinte que efetuar o cadastro no programa at\u00e9 o dia 30 de novembro ter\u00e1 descontos adicionais no pagamento da Cotas \u00danicas do Imposto Predial e Territorial Urbano (IPTU) de 2023, conforme o valor de servi\u00e7o das notas emitidas entre 01\/10\/2021 e 30\/09\/2022.Os descontos adicionais s\u00e3o de 1%,&hellip;<\/p>\n","protected":false},"author":1,"featured_media":27441,"comment_status":"open","ping_status":"open","sticky":false,"template":"","format":"standard","meta":{"footnotes":""},"categories":[1],"tags":[],"class_list":["post-27440","post","type-post","status-publish","format-standard","has-post-thumbnail","hentry","category-noticias"],"_links":{"self":[{"href":"https:\/\/blogdorogeriogomes.com.br\/noticias\/wp-json\/wp\/v2\/posts\/27440","targetHints":{"allow":["GET"]}}],"collection":[{"href":"https:\/\/blogdorogeriogomes.com.br\/noticias\/wp-json\/wp\/v2\/posts"}],"about":[{"href":"https:\/\/blogdorogeriogomes.com.br\/noticias\/wp-json\/wp\/v2\/types\/post"}],"author":[{"embeddable":true,"href":"https:\/\/blogdorogeriogomes.com.br\/noticias\/wp-json\/wp\/v2\/users\/1"}],"replies":[{"embeddable":true,"href":"https:\/\/blogdorogeriogomes.com.br\/noticias\/wp-json\/wp\/v2\/comments?post=27440"}],"version-history":[{"count":1,"href":"https:\/\/blogdorogeriogomes.com.br\/noticias\/wp-json\/wp\/v2\/posts\/27440\/revisions"}],"predecessor-version":[{"id":27442,"href":"https:\/\/blogdorogeriogomes.com.br\/noticias\/wp-json\/wp\/v2\/posts\/27440\/revisions\/27442"}],"wp:featuredmedia":[{"embeddable":true,"href":"https:\/\/blogdorogeriogomes.com.br\/noticias\/wp-json\/wp\/v2\/media\/27441"}],"wp:attachment":[{"href":"https:\/\/blogdorogeriogomes.com.br\/noticias\/wp-json\/wp\/v2\/media?parent=27440"}],"wp:term":[{"taxonomy":"category","embeddable":true,"href":"https:\/\/blogdorogeriogomes.com.br\/noticias\/wp-json\/wp\/v2\/categories?post=27440"},{"taxonomy":"post_tag","embeddable":true,"href":"https:\/\/blogdorogeriogomes.com.br\/noticias\/wp-json\/wp\/v2\/tags?post=27440"}],"curies":[{"name":"wp","href":"https:\/\/api.w.org\/{rel}","templated":true}]}}