{"id":27443,"date":"2022-11-10T00:46:09","date_gmt":"2022-11-10T00:46:09","guid":{"rendered":"https:\/\/blogdorogeriogomes.com.br\/?p=27443"},"modified":"2022-11-10T12:18:10","modified_gmt":"2022-11-10T12:18:10","slug":"elmano-de-freitas-cogita-reforma-administrativa-em-reuniao-de-transicao-de-governo","status":"publish","type":"post","link":"https:\/\/blogdorogeriogomes.com.br\/noticias\/2022\/11\/elmano-de-freitas-cogita-reforma-administrativa-em-reuniao-de-transicao-de-governo\/","title":{"rendered":"Elmano de Freitas cogita reforma administrativa em reuni\u00e3o de transi\u00e7\u00e3o de governo"},"content":{"rendered":"\n<p>O governador eleito do Cear\u00e1, Elmano de Freitas (PT), comandou a primeira reuni\u00e3o da transi\u00e7\u00e3o de governo, nesta quarta-feira, dia 9 de novembro, no Pal\u00e1cio da Aboli\u00e7\u00e3o, ao lado da governadora em exerc\u00edcio, a desembargadora Nailde Pinheiro. E no encontro, Elmano cogitou a possibilidade de realizar uma reforma administrativa no Estado, aos moldes do que ser\u00e1 executado pelo presidente eleito Luiz In\u00e1cio Lula da Silva em n\u00edvel federal.<br>Ap\u00f3s terminar a transi\u00e7\u00e3o, em dezembro, Elmano vai anunciar o novo secretariado estadual. O petista diz que pretende conversar com os presidentes dos partidos que fizeram parte da sua coliga\u00e7\u00e3o nas elei\u00e7\u00f5es deste ano. &#8220;A ideia \u00e9 ouvir as sugest\u00f5es dos dirigentes para os 100 primeiros dias de governo. Depois, as indica\u00e7\u00f5es ser\u00e3o debatidas entre os membros da equipe de transi\u00e7\u00e3o&#8221;, disse o governador do Cear\u00e1 eleito.<\/p>\n\n\n\n<figure class=\"wp-block-image size-full\"><img loading=\"lazy\" decoding=\"async\" width=\"960\" height=\"642\" src=\"https:\/\/blogdorogeriogomes.com.br\/wp-content\/uploads\/2022\/11\/IMG-20221109-WA0003.jpg\" alt=\"\" class=\"wp-image-27444\" srcset=\"https:\/\/blogdorogeriogomes.com.br\/noticias\/wp-content\/uploads\/2022\/11\/IMG-20221109-WA0003.jpg 960w, https:\/\/blogdorogeriogomes.com.br\/noticias\/wp-content\/uploads\/2022\/11\/IMG-20221109-WA0003-300x201.jpg 300w, https:\/\/blogdorogeriogomes.com.br\/noticias\/wp-content\/uploads\/2022\/11\/IMG-20221109-WA0003-768x514.jpg 768w, https:\/\/blogdorogeriogomes.com.br\/noticias\/wp-content\/uploads\/2022\/11\/IMG-20221109-WA0003-800x535.jpg 800w\" sizes=\"auto, (max-width: 960px) 100vw, 960px\" \/><\/figure>\n","protected":false},"excerpt":{"rendered":"<p>O governador eleito do Cear\u00e1, Elmano de Freitas (PT), comandou a primeira reuni\u00e3o da transi\u00e7\u00e3o de governo, nesta quarta-feira, dia 9 de novembro, no Pal\u00e1cio da Aboli\u00e7\u00e3o, ao lado da governadora em exerc\u00edcio, a desembargadora Nailde Pinheiro. E no encontro, Elmano cogitou a possibilidade de realizar uma reforma administrativa no Estado, aos moldes do que ser\u00e1 executado pelo presidente eleito Luiz In\u00e1cio Lula da Silva em n\u00edvel federal.Ap\u00f3s terminar a transi\u00e7\u00e3o, em dezembro, Elmano vai anunciar o novo secretariado&hellip;<\/p>\n","protected":false},"author":1,"featured_media":27444,"comment_status":"open","ping_status":"open","sticky":false,"template":"","format":"standard","meta":{"footnotes":""},"categories":[1],"tags":[],"class_list":["post-27443","post","type-post","status-publish","format-standard","has-post-thumbnail","hentry","category-noticias"],"_links":{"self":[{"href":"https:\/\/blogdorogeriogomes.com.br\/noticias\/wp-json\/wp\/v2\/posts\/27443","targetHints":{"allow":["GET"]}}],"collection":[{"href":"https:\/\/blogdorogeriogomes.com.br\/noticias\/wp-json\/wp\/v2\/posts"}],"about":[{"href":"https:\/\/blogdorogeriogomes.com.br\/noticias\/wp-json\/wp\/v2\/types\/post"}],"author":[{"embeddable":true,"href":"https:\/\/blogdorogeriogomes.com.br\/noticias\/wp-json\/wp\/v2\/users\/1"}],"replies":[{"embeddable":true,"href":"https:\/\/blogdorogeriogomes.com.br\/noticias\/wp-json\/wp\/v2\/comments?post=27443"}],"version-history":[{"count":1,"href":"https:\/\/blogdorogeriogomes.com.br\/noticias\/wp-json\/wp\/v2\/posts\/27443\/revisions"}],"predecessor-version":[{"id":27445,"href":"https:\/\/blogdorogeriogomes.com.br\/noticias\/wp-json\/wp\/v2\/posts\/27443\/revisions\/27445"}],"wp:featuredmedia":[{"embeddable":true,"href":"https:\/\/blogdorogeriogomes.com.br\/noticias\/wp-json\/wp\/v2\/media\/27444"}],"wp:attachment":[{"href":"https:\/\/blogdorogeriogomes.com.br\/noticias\/wp-json\/wp\/v2\/media?parent=27443"}],"wp:term":[{"taxonomy":"category","embeddable":true,"href":"https:\/\/blogdorogeriogomes.com.br\/noticias\/wp-json\/wp\/v2\/categories?post=27443"},{"taxonomy":"post_tag","embeddable":true,"href":"https:\/\/blogdorogeriogomes.com.br\/noticias\/wp-json\/wp\/v2\/tags?post=27443"}],"curies":[{"name":"wp","href":"https:\/\/api.w.org\/{rel}","templated":true}]}}