{"id":27446,"date":"2022-11-10T00:48:28","date_gmt":"2022-11-10T00:48:28","guid":{"rendered":"https:\/\/blogdorogeriogomes.com.br\/?p=27446"},"modified":"2022-11-10T12:17:59","modified_gmt":"2022-11-10T12:17:59","slug":"lula-ressalta-harmonia-entre-os-poderes-apos-visitas-no-stf-e-congresso","status":"publish","type":"post","link":"https:\/\/blogdorogeriogomes.com.br\/noticias\/2022\/11\/lula-ressalta-harmonia-entre-os-poderes-apos-visitas-no-stf-e-congresso\/","title":{"rendered":"Lula ressalta harmonia entre os poderes ap\u00f3s visitas no STF e Congresso"},"content":{"rendered":"\n<p>O presidente eleito Luiz In\u00e1cio Lula da Silva (PT) teve uma quarta-feira de encontros em Bras\u00edlia com o presidente da C\u00e2mara dos Deputados, Arthur Lira, com o presidente do Senado, Rodrigo Pacheco, e com a presidente do STF, Rosa Weber, e os outros ministros do Supremo Tribunal Federal.<br>Em entrevista coletiva ap\u00f3s a maratona de reuni\u00f5es em Bras\u00edlia, Lula disse: &#8220;Eu me candidatei com o compromisso de que \u00e9 poss\u00edvel resgatar a cidadania do povo brasileiro, de que \u00e9 poss\u00edvel a gente recuperar a harmonia entre os poderes, de que \u00e9 plenamente poss\u00edvel recuperar a normalidade da conviv\u00eancia entre as institui\u00e7\u00f5es brasileiras. Institui\u00e7\u00f5es que foram atacadas, que foram violentadas pela linguagem nem sempre recomend\u00e1vel de algumas autoridades ligadas ao governo&#8221;.<br>Lula aproveitou para criticar bloqueios ilegais em rodovias do pa\u00eds por bolsonaristas inconformados com a derrota eleitoral. O petista garantiu que vai conversar com o Centr\u00e3o e que n\u00e3o vai interferir nas elei\u00e7\u00f5es do Senado e da C\u00e2mara Federal.<\/p>\n\n\n\n<figure class=\"wp-block-image size-large\"><img loading=\"lazy\" decoding=\"async\" width=\"1024\" height=\"525\" src=\"https:\/\/blogdorogeriogomes.com.br\/wp-content\/uploads\/2022\/11\/IMG-20221109-WA0004-1024x525.jpg\" alt=\"\" class=\"wp-image-27447\" srcset=\"https:\/\/blogdorogeriogomes.com.br\/noticias\/wp-content\/uploads\/2022\/11\/IMG-20221109-WA0004-1024x525.jpg 1024w, https:\/\/blogdorogeriogomes.com.br\/noticias\/wp-content\/uploads\/2022\/11\/IMG-20221109-WA0004-300x154.jpg 300w, https:\/\/blogdorogeriogomes.com.br\/noticias\/wp-content\/uploads\/2022\/11\/IMG-20221109-WA0004-768x394.jpg 768w, https:\/\/blogdorogeriogomes.com.br\/noticias\/wp-content\/uploads\/2022\/11\/IMG-20221109-WA0004-800x410.jpg 800w, https:\/\/blogdorogeriogomes.com.br\/noticias\/wp-content\/uploads\/2022\/11\/IMG-20221109-WA0004.jpg 1080w\" sizes=\"auto, (max-width: 1024px) 100vw, 1024px\" \/><\/figure>\n","protected":false},"excerpt":{"rendered":"<p>O presidente eleito Luiz In\u00e1cio Lula da Silva (PT) teve uma quarta-feira de encontros em Bras\u00edlia com o presidente da C\u00e2mara dos Deputados, Arthur Lira, com o presidente do Senado, Rodrigo Pacheco, e com a presidente do STF, Rosa Weber, e os outros ministros do Supremo Tribunal Federal.Em entrevista coletiva ap\u00f3s a maratona de reuni\u00f5es em Bras\u00edlia, Lula disse: &#8220;Eu me candidatei com o compromisso de que \u00e9 poss\u00edvel resgatar a cidadania do povo brasileiro, de que \u00e9 poss\u00edvel&hellip;<\/p>\n","protected":false},"author":1,"featured_media":27447,"comment_status":"open","ping_status":"open","sticky":false,"template":"","format":"standard","meta":{"footnotes":""},"categories":[1],"tags":[],"class_list":["post-27446","post","type-post","status-publish","format-standard","has-post-thumbnail","hentry","category-noticias"],"_links":{"self":[{"href":"https:\/\/blogdorogeriogomes.com.br\/noticias\/wp-json\/wp\/v2\/posts\/27446","targetHints":{"allow":["GET"]}}],"collection":[{"href":"https:\/\/blogdorogeriogomes.com.br\/noticias\/wp-json\/wp\/v2\/posts"}],"about":[{"href":"https:\/\/blogdorogeriogomes.com.br\/noticias\/wp-json\/wp\/v2\/types\/post"}],"author":[{"embeddable":true,"href":"https:\/\/blogdorogeriogomes.com.br\/noticias\/wp-json\/wp\/v2\/users\/1"}],"replies":[{"embeddable":true,"href":"https:\/\/blogdorogeriogomes.com.br\/noticias\/wp-json\/wp\/v2\/comments?post=27446"}],"version-history":[{"count":1,"href":"https:\/\/blogdorogeriogomes.com.br\/noticias\/wp-json\/wp\/v2\/posts\/27446\/revisions"}],"predecessor-version":[{"id":27448,"href":"https:\/\/blogdorogeriogomes.com.br\/noticias\/wp-json\/wp\/v2\/posts\/27446\/revisions\/27448"}],"wp:featuredmedia":[{"embeddable":true,"href":"https:\/\/blogdorogeriogomes.com.br\/noticias\/wp-json\/wp\/v2\/media\/27447"}],"wp:attachment":[{"href":"https:\/\/blogdorogeriogomes.com.br\/noticias\/wp-json\/wp\/v2\/media?parent=27446"}],"wp:term":[{"taxonomy":"category","embeddable":true,"href":"https:\/\/blogdorogeriogomes.com.br\/noticias\/wp-json\/wp\/v2\/categories?post=27446"},{"taxonomy":"post_tag","embeddable":true,"href":"https:\/\/blogdorogeriogomes.com.br\/noticias\/wp-json\/wp\/v2\/tags?post=27446"}],"curies":[{"name":"wp","href":"https:\/\/api.w.org\/{rel}","templated":true}]}}