{"id":27449,"date":"2022-11-10T00:50:39","date_gmt":"2022-11-10T00:50:39","guid":{"rendered":"https:\/\/blogdorogeriogomes.com.br\/?p=27449"},"modified":"2022-11-10T12:17:51","modified_gmt":"2022-11-10T12:17:51","slug":"caucaia-recebe-certificacao-selo-municipio-verde","status":"publish","type":"post","link":"https:\/\/blogdorogeriogomes.com.br\/noticias\/2022\/11\/caucaia-recebe-certificacao-selo-municipio-verde\/","title":{"rendered":"Caucaia recebe certifica\u00e7\u00e3o Selo Munic\u00edpio Verde"},"content":{"rendered":"\n<p>A pol\u00edtica p\u00fablica ambiental em Caucaia tem se fortalecido e fomentado grandes conquistas para o munic\u00edpio. A mais recente foi o recebimento do Selo Munic\u00edpio Verde, certifica\u00e7\u00e3o concedida pela Secretaria Estadual do Meio Ambiente (SEMA) aos munic\u00edpios do Cear\u00e1 que desenvolvem a\u00e7\u00f5es protetivas em prol da preserva\u00e7\u00e3o do meio ambiente. A entrega da placa e certificado aconteceu na manh\u00e3 desta quarta-feira (09), no Parque Estadual Bot\u00e2nico, que fica em Caucaia.<\/p>\n\n\n\n<p>A solenidade contou com a presen\u00e7a dos representantes dos 26 munic\u00edpios que conquistaram a certifica\u00e7\u00e3o. Na ocasi\u00e3o, Caucaia foi representada pelo presidente do Instituto do Meio Ambiente de Caucaia (IMAC), Leandro Ara\u00fajo, que recebeu das m\u00e3os do secret\u00e1rio estadual do Meio Ambiente, Artur Bruno, a placa e certificado do Selo Munic\u00edpio Verde.<\/p>\n\n\n\n<p>O secret\u00e1rio da Sema, Artur Bruno, destacou os esfor\u00e7os da nova gest\u00e3o e frisou a \u00faltima conquista internacional alcan\u00e7ada pelo munic\u00edpio. \u201cFa\u00e7o quest\u00e3o de parabenizar Caucaia por ser o \u00fanico munic\u00edpio a receber a certifica\u00e7\u00e3o em todas as 14 edi\u00e7\u00f5es do Selo Verde. Isso demonstra o compromisso da cidade com as pol\u00edticas protetivas do meio ambiente. Inclusive, Caucaia est\u00e1 em destaque nas pol\u00edticas ambientais por conta da praia do Cumbuco ser a \u00fanica praia do Cear\u00e1 a ter a certifica\u00e7\u00e3o Bandeira Azul, um pr\u00eamio internacional que atesta os cuidados com a preserva\u00e7\u00e3o e gest\u00e3o ambiental. \u00c9 uma honra para mim presenciar isso\u201d, destacou o secret\u00e1rio.<\/p>\n\n\n\n<p>A conquista de mais um Selo Verde para o munic\u00edpio de Caucaia se deve \u00e0 uma pol\u00edtica ambiental mais forte que, investe em fiscaliza\u00e7\u00e3o, licenciamento, a\u00e7\u00f5es de educa\u00e7\u00e3o ambiental nas escolas, gest\u00e3o dos res\u00edduos s\u00f3lidos e saneamento, a\u00e7\u00f5es de limpeza de praias, cuidados com as \u00c1reas de Preserva\u00e7\u00e3o Ambiental (APAs) e um setor dedicado a uma ouvidoria sobre gest\u00e3o ambiental.<\/p>\n\n\n\n<p>&#8220;O munic\u00edpio de Caucaia foi o \u00fanico que recebeu o Selo Verde em todas as edi\u00e7\u00f5es. Isso demonstra o compromisso com a manuten\u00e7\u00e3o da qualidade ambiental que a gente oferece para a popula\u00e7\u00e3o de Caucaia. Estamos trabalhando para que no pr\u00f3ximo ano a gente consiga uma certifica\u00e7\u00e3o ainda maior e j\u00e1 estamos com novos projetos e propostas para melhorar ainda mais a prote\u00e7\u00e3o ambiental da nossa cidade\u201d, refor\u00e7ou o presidente do IMAC, Leandro Ara\u00fajo.<\/p>\n\n\n\n<p>O gestor adiantou que muitas novidades em prol dos cuidados com meio ambiente j\u00e1 est\u00e3o em andamento para o pr\u00f3ximo ano. \u201cEstamos fechando parcerias com institui\u00e7\u00f5es como Universidade Federal do Cear\u00e1 (UFC) e N\u00facleo de Tecnologia e Qualidade Industrial do Cear\u00e1 (Nutec) para desenvolver v\u00e1rios projetos como por exemplo: o sistema de reciclagem mais eficiente, cria\u00e7\u00e3o de unidades de produ\u00e7\u00e3o e pescado no mar com corais artificiais e projeto de produ\u00e7\u00e3o de combust\u00edveis com pl\u00e1stico. Nosso objetivo \u00e9 a melhora cont\u00ednua do nosso meio ambiente\u201d, garantiu Leandro.<\/p>\n\n\n\n<p>O Programa Selo Munic\u00edpio Verde (PSMV) \u00e9 uma Certifica\u00e7\u00e3o Ambiental p\u00fablica, institu\u00edda pela Lei Estadual n\u00ba13.304\/03, que premia os munic\u00edpios cearenses que desenvolvem a\u00e7\u00f5es protetivas do meio ambiente. O Selo tem tr\u00eas eixos tem\u00e1ticos: Pol\u00edtica Municipal de Meio Ambiente; Saneamento Ambiental e Sa\u00fade P\u00fablica; e o eixo Biodiversidade e Mudan\u00e7as Clim\u00e1ticas. De acordo com a SEMA, para garantir a credibilidade e transpar\u00eancia do processo que atesta e confere a certifica\u00e7\u00e3o ambiental, o PSMV conta com um Comit\u00ea Gestor, presidido e coordenado pela Sema.<\/p>\n\n\n\n<figure class=\"wp-block-image size-large\"><img loading=\"lazy\" decoding=\"async\" width=\"1024\" height=\"684\" src=\"https:\/\/blogdorogeriogomes.com.br\/wp-content\/uploads\/2022\/11\/IMG-20221109-WA0007-1024x684.jpg\" alt=\"\" class=\"wp-image-27450\" srcset=\"https:\/\/blogdorogeriogomes.com.br\/noticias\/wp-content\/uploads\/2022\/11\/IMG-20221109-WA0007-1024x684.jpg 1024w, https:\/\/blogdorogeriogomes.com.br\/noticias\/wp-content\/uploads\/2022\/11\/IMG-20221109-WA0007-300x200.jpg 300w, https:\/\/blogdorogeriogomes.com.br\/noticias\/wp-content\/uploads\/2022\/11\/IMG-20221109-WA0007-768x513.jpg 768w, https:\/\/blogdorogeriogomes.com.br\/noticias\/wp-content\/uploads\/2022\/11\/IMG-20221109-WA0007-800x534.jpg 800w, https:\/\/blogdorogeriogomes.com.br\/noticias\/wp-content\/uploads\/2022\/11\/IMG-20221109-WA0007.jpg 1280w\" sizes=\"auto, (max-width: 1024px) 100vw, 1024px\" \/><\/figure>\n","protected":false},"excerpt":{"rendered":"<p>A pol\u00edtica p\u00fablica ambiental em Caucaia tem se fortalecido e fomentado grandes conquistas para o munic\u00edpio. A mais recente foi o recebimento do Selo Munic\u00edpio Verde, certifica\u00e7\u00e3o concedida pela Secretaria Estadual do Meio Ambiente (SEMA) aos munic\u00edpios do Cear\u00e1 que desenvolvem a\u00e7\u00f5es protetivas em prol da preserva\u00e7\u00e3o do meio ambiente. A entrega da placa e certificado aconteceu na manh\u00e3 desta quarta-feira (09), no Parque Estadual Bot\u00e2nico, que fica em Caucaia. A solenidade contou com a presen\u00e7a dos representantes dos&hellip;<\/p>\n","protected":false},"author":1,"featured_media":27450,"comment_status":"open","ping_status":"open","sticky":false,"template":"","format":"standard","meta":{"footnotes":""},"categories":[1],"tags":[],"class_list":["post-27449","post","type-post","status-publish","format-standard","has-post-thumbnail","hentry","category-noticias"],"_links":{"self":[{"href":"https:\/\/blogdorogeriogomes.com.br\/noticias\/wp-json\/wp\/v2\/posts\/27449","targetHints":{"allow":["GET"]}}],"collection":[{"href":"https:\/\/blogdorogeriogomes.com.br\/noticias\/wp-json\/wp\/v2\/posts"}],"about":[{"href":"https:\/\/blogdorogeriogomes.com.br\/noticias\/wp-json\/wp\/v2\/types\/post"}],"author":[{"embeddable":true,"href":"https:\/\/blogdorogeriogomes.com.br\/noticias\/wp-json\/wp\/v2\/users\/1"}],"replies":[{"embeddable":true,"href":"https:\/\/blogdorogeriogomes.com.br\/noticias\/wp-json\/wp\/v2\/comments?post=27449"}],"version-history":[{"count":1,"href":"https:\/\/blogdorogeriogomes.com.br\/noticias\/wp-json\/wp\/v2\/posts\/27449\/revisions"}],"predecessor-version":[{"id":27451,"href":"https:\/\/blogdorogeriogomes.com.br\/noticias\/wp-json\/wp\/v2\/posts\/27449\/revisions\/27451"}],"wp:featuredmedia":[{"embeddable":true,"href":"https:\/\/blogdorogeriogomes.com.br\/noticias\/wp-json\/wp\/v2\/media\/27450"}],"wp:attachment":[{"href":"https:\/\/blogdorogeriogomes.com.br\/noticias\/wp-json\/wp\/v2\/media?parent=27449"}],"wp:term":[{"taxonomy":"category","embeddable":true,"href":"https:\/\/blogdorogeriogomes.com.br\/noticias\/wp-json\/wp\/v2\/categories?post=27449"},{"taxonomy":"post_tag","embeddable":true,"href":"https:\/\/blogdorogeriogomes.com.br\/noticias\/wp-json\/wp\/v2\/tags?post=27449"}],"curies":[{"name":"wp","href":"https:\/\/api.w.org\/{rel}","templated":true}]}}