{"id":27458,"date":"2022-11-11T01:27:25","date_gmt":"2022-11-11T01:27:25","guid":{"rendered":"https:\/\/blogdorogeriogomes.com.br\/?p=27458"},"modified":"2022-11-11T10:14:28","modified_gmt":"2022-11-11T10:14:28","slug":"lei-complementar-vai-estabelecer-incentivo-fiscal-para-o-setor-de-tecnologia-da-informacao-em-fortaleza","status":"publish","type":"post","link":"https:\/\/blogdorogeriogomes.com.br\/noticias\/2022\/11\/lei-complementar-vai-estabelecer-incentivo-fiscal-para-o-setor-de-tecnologia-da-informacao-em-fortaleza\/","title":{"rendered":"Lei Complementar vai estabelecer incentivo fiscal para o setor de tecnologia da informa\u00e7\u00e3o em Fortaleza"},"content":{"rendered":"\n<p>A Prefeitura de Fortaleza realiza, nesta sexta-feira, dia 11 de novembro, a partir das 9h30min, a assinatura da Lei Complementar que estabelece incentivo fiscal para o setor de tecnologia da informa\u00e7\u00e3o (TI). A iniciativa \u00e9 da Secretaria Municipal do Desenvolvimento Econ\u00f4mico (SDE). O evento ser\u00e1 realizado na sede da Funda\u00e7\u00e3o de Ci\u00eancia, Tecnologia e Inova\u00e7\u00e3o de Fortaleza (Citinova) e vai contar com a presen\u00e7a do prefeito Jos\u00e9 Sarto e do secret\u00e1rio do Desenvolvimento Econ\u00f4mico, Rodrigo Nogueira, dentre outras autoridades.<\/p>\n\n\n\n<figure class=\"wp-block-image size-full\"><img loading=\"lazy\" decoding=\"async\" width=\"398\" height=\"347\" src=\"https:\/\/blogdorogeriogomes.com.br\/wp-content\/uploads\/2022\/11\/IMG-20221110-WA0001.jpg\" alt=\"\" class=\"wp-image-27459\" srcset=\"https:\/\/blogdorogeriogomes.com.br\/noticias\/wp-content\/uploads\/2022\/11\/IMG-20221110-WA0001.jpg 398w, https:\/\/blogdorogeriogomes.com.br\/noticias\/wp-content\/uploads\/2022\/11\/IMG-20221110-WA0001-300x262.jpg 300w\" sizes=\"auto, (max-width: 398px) 100vw, 398px\" \/><\/figure>\n","protected":false},"excerpt":{"rendered":"<p>A Prefeitura de Fortaleza realiza, nesta sexta-feira, dia 11 de novembro, a partir das 9h30min, a assinatura da Lei Complementar que estabelece incentivo fiscal para o setor de tecnologia da informa\u00e7\u00e3o (TI). A iniciativa \u00e9 da Secretaria Municipal do Desenvolvimento Econ\u00f4mico (SDE). O evento ser\u00e1 realizado na sede da Funda\u00e7\u00e3o de Ci\u00eancia, Tecnologia e Inova\u00e7\u00e3o de Fortaleza (Citinova) e vai contar com a presen\u00e7a do prefeito Jos\u00e9 Sarto e do secret\u00e1rio do Desenvolvimento Econ\u00f4mico, Rodrigo Nogueira, dentre outras autoridades.<\/p>\n","protected":false},"author":1,"featured_media":27459,"comment_status":"open","ping_status":"open","sticky":false,"template":"","format":"standard","meta":{"footnotes":""},"categories":[1],"tags":[],"class_list":["post-27458","post","type-post","status-publish","format-standard","has-post-thumbnail","hentry","category-noticias"],"_links":{"self":[{"href":"https:\/\/blogdorogeriogomes.com.br\/noticias\/wp-json\/wp\/v2\/posts\/27458","targetHints":{"allow":["GET"]}}],"collection":[{"href":"https:\/\/blogdorogeriogomes.com.br\/noticias\/wp-json\/wp\/v2\/posts"}],"about":[{"href":"https:\/\/blogdorogeriogomes.com.br\/noticias\/wp-json\/wp\/v2\/types\/post"}],"author":[{"embeddable":true,"href":"https:\/\/blogdorogeriogomes.com.br\/noticias\/wp-json\/wp\/v2\/users\/1"}],"replies":[{"embeddable":true,"href":"https:\/\/blogdorogeriogomes.com.br\/noticias\/wp-json\/wp\/v2\/comments?post=27458"}],"version-history":[{"count":1,"href":"https:\/\/blogdorogeriogomes.com.br\/noticias\/wp-json\/wp\/v2\/posts\/27458\/revisions"}],"predecessor-version":[{"id":27460,"href":"https:\/\/blogdorogeriogomes.com.br\/noticias\/wp-json\/wp\/v2\/posts\/27458\/revisions\/27460"}],"wp:featuredmedia":[{"embeddable":true,"href":"https:\/\/blogdorogeriogomes.com.br\/noticias\/wp-json\/wp\/v2\/media\/27459"}],"wp:attachment":[{"href":"https:\/\/blogdorogeriogomes.com.br\/noticias\/wp-json\/wp\/v2\/media?parent=27458"}],"wp:term":[{"taxonomy":"category","embeddable":true,"href":"https:\/\/blogdorogeriogomes.com.br\/noticias\/wp-json\/wp\/v2\/categories?post=27458"},{"taxonomy":"post_tag","embeddable":true,"href":"https:\/\/blogdorogeriogomes.com.br\/noticias\/wp-json\/wp\/v2\/tags?post=27458"}],"curies":[{"name":"wp","href":"https:\/\/api.w.org\/{rel}","templated":true}]}}