{"id":27461,"date":"2022-11-11T01:30:03","date_gmt":"2022-11-11T01:30:03","guid":{"rendered":"https:\/\/blogdorogeriogomes.com.br\/?p=27461"},"modified":"2022-11-11T10:14:21","modified_gmt":"2022-11-11T10:14:21","slug":"bancada-federal-cearense-discute-a-destinacao-de-emendas-de-bancada-nesta-sexta-feira","status":"publish","type":"post","link":"https:\/\/blogdorogeriogomes.com.br\/noticias\/2022\/11\/bancada-federal-cearense-discute-a-destinacao-de-emendas-de-bancada-nesta-sexta-feira\/","title":{"rendered":"Bancada federal cearense discute a destina\u00e7\u00e3o de emendas de bancada nesta sexta-feira"},"content":{"rendered":"\n<p>Senadores, deputados federais e estaduais, al\u00e9m de prefeitos cearenses, se re\u00fanem nesta sexta-feira, dia 11 de novembro, na Assembleia Legislativa, para discutir a destina\u00e7\u00e3o de emendas da bancada cearense em Bras\u00edlia para 2023. Os recursos dispon\u00edveis aos senadores e deputados federais cearenses chegam a R$ 280 milh\u00f5es e podem ser usados para obras e projetos no Estado.<br>O senador Cid Gomes (PDT) e o presidente em exerc\u00edcio da Assembleia Legislativa, Fernando Santana (PT), comandam os trabalhos. O grande objetivo \u00e9 discutir o melhor uso dos recursos. Para Santana, o correto \u00e9 que metade dos recursos sejam destinados para uso do Governo do Estado e a outra metade para destina\u00e7\u00e3o individual de cada deputado ou senador.<br>A expectativa \u00e9 que os prefeitos do Cear\u00e1 tamb\u00e9m se manifestem na reuni\u00e3o para esclarecer as necessidades priorit\u00e1rias dos munic\u00edpios para o primeiro ano da gest\u00e3o do governador eleito Elmano de Freitas (PT).<\/p>\n\n\n\n<figure class=\"wp-block-image size-large\"><img loading=\"lazy\" decoding=\"async\" width=\"1024\" height=\"683\" src=\"https:\/\/blogdorogeriogomes.com.br\/wp-content\/uploads\/2022\/11\/IMG-20221110-WA0002-1024x683.jpg\" alt=\"\" class=\"wp-image-27462\" srcset=\"https:\/\/blogdorogeriogomes.com.br\/noticias\/wp-content\/uploads\/2022\/11\/IMG-20221110-WA0002-1024x683.jpg 1024w, https:\/\/blogdorogeriogomes.com.br\/noticias\/wp-content\/uploads\/2022\/11\/IMG-20221110-WA0002-300x200.jpg 300w, https:\/\/blogdorogeriogomes.com.br\/noticias\/wp-content\/uploads\/2022\/11\/IMG-20221110-WA0002-768x512.jpg 768w, https:\/\/blogdorogeriogomes.com.br\/noticias\/wp-content\/uploads\/2022\/11\/IMG-20221110-WA0002-800x534.jpg 800w, https:\/\/blogdorogeriogomes.com.br\/noticias\/wp-content\/uploads\/2022\/11\/IMG-20221110-WA0002.jpg 1280w\" sizes=\"auto, (max-width: 1024px) 100vw, 1024px\" \/><\/figure>\n","protected":false},"excerpt":{"rendered":"<p>Senadores, deputados federais e estaduais, al\u00e9m de prefeitos cearenses, se re\u00fanem nesta sexta-feira, dia 11 de novembro, na Assembleia Legislativa, para discutir a destina\u00e7\u00e3o de emendas da bancada cearense em Bras\u00edlia para 2023. Os recursos dispon\u00edveis aos senadores e deputados federais cearenses chegam a R$ 280 milh\u00f5es e podem ser usados para obras e projetos no Estado.O senador Cid Gomes (PDT) e o presidente em exerc\u00edcio da Assembleia Legislativa, Fernando Santana (PT), comandam os trabalhos. O grande objetivo \u00e9&hellip;<\/p>\n","protected":false},"author":1,"featured_media":27462,"comment_status":"open","ping_status":"open","sticky":false,"template":"","format":"standard","meta":{"footnotes":""},"categories":[1],"tags":[],"class_list":["post-27461","post","type-post","status-publish","format-standard","has-post-thumbnail","hentry","category-noticias"],"_links":{"self":[{"href":"https:\/\/blogdorogeriogomes.com.br\/noticias\/wp-json\/wp\/v2\/posts\/27461","targetHints":{"allow":["GET"]}}],"collection":[{"href":"https:\/\/blogdorogeriogomes.com.br\/noticias\/wp-json\/wp\/v2\/posts"}],"about":[{"href":"https:\/\/blogdorogeriogomes.com.br\/noticias\/wp-json\/wp\/v2\/types\/post"}],"author":[{"embeddable":true,"href":"https:\/\/blogdorogeriogomes.com.br\/noticias\/wp-json\/wp\/v2\/users\/1"}],"replies":[{"embeddable":true,"href":"https:\/\/blogdorogeriogomes.com.br\/noticias\/wp-json\/wp\/v2\/comments?post=27461"}],"version-history":[{"count":1,"href":"https:\/\/blogdorogeriogomes.com.br\/noticias\/wp-json\/wp\/v2\/posts\/27461\/revisions"}],"predecessor-version":[{"id":27463,"href":"https:\/\/blogdorogeriogomes.com.br\/noticias\/wp-json\/wp\/v2\/posts\/27461\/revisions\/27463"}],"wp:featuredmedia":[{"embeddable":true,"href":"https:\/\/blogdorogeriogomes.com.br\/noticias\/wp-json\/wp\/v2\/media\/27462"}],"wp:attachment":[{"href":"https:\/\/blogdorogeriogomes.com.br\/noticias\/wp-json\/wp\/v2\/media?parent=27461"}],"wp:term":[{"taxonomy":"category","embeddable":true,"href":"https:\/\/blogdorogeriogomes.com.br\/noticias\/wp-json\/wp\/v2\/categories?post=27461"},{"taxonomy":"post_tag","embeddable":true,"href":"https:\/\/blogdorogeriogomes.com.br\/noticias\/wp-json\/wp\/v2\/tags?post=27461"}],"curies":[{"name":"wp","href":"https:\/\/api.w.org\/{rel}","templated":true}]}}