{"id":27464,"date":"2022-11-11T10:09:30","date_gmt":"2022-11-11T10:09:30","guid":{"rendered":"https:\/\/blogdorogeriogomes.com.br\/?p=27464"},"modified":"2022-11-11T10:14:12","modified_gmt":"2022-11-11T10:14:12","slug":"policia-federal-abre-inquerito-para-apurar-postura-do-diretor-geral-da-prf-nas-eleicoes-bolsonaro-continua-recluso","status":"publish","type":"post","link":"https:\/\/blogdorogeriogomes.com.br\/noticias\/2022\/11\/policia-federal-abre-inquerito-para-apurar-postura-do-diretor-geral-da-prf-nas-eleicoes-bolsonaro-continua-recluso\/","title":{"rendered":"Pol\u00edcia Federal abre inqu\u00e9rito para apurar postura do diretor-geral da PRF nas elei\u00e7\u00f5es. Bolsonaro continua recluso"},"content":{"rendered":"\n<p>A Pol\u00edcia Federal recebeu pedido do Minist\u00e9rio P\u00fablico Federal e abriu inqu\u00e9rito para investigar as a\u00e7\u00f5es de Silvinei Vasques, diretor-geral da Pol\u00edcia Rodovi\u00e1ria Federal (PRF), em rela\u00e7\u00e3o aos protestos de apoiadores do atual presidente Jair Bolsonaro (PL) contra os resultados das elei\u00e7\u00f5es de 2022. Silvinei \u00e9 acusado de prevaricar ao n\u00e3o tomar provid\u00eancias contra os bloqueios nas BRs de todo o pa\u00eds, feito por bolsonaristas insatisfeitos com a vit\u00f3ria de Lula.<br>Ap\u00f3s o relat\u00f3rio das For\u00e7as Armadas, que n\u00e3o apontou fraude nas urnas eletr\u00f4nicas, os movimentos dos bolsonaristas em frente aos quart\u00e9is do Ex\u00e9rcito v\u00e3o  perdendo for\u00e7a.<br>J\u00e1 o presidente Jair Bolsonaro (PL) continua recluso no Pal\u00e1cio da Alvorada, em Bras\u00edlia. Ele reduziu n\u00e3o s\u00f3 suas apari\u00e7\u00f5es presenciais, mas tamb\u00e9m a presen\u00e7a na internet.<br>Bolsonaro fazia at\u00e9 16 publica\u00e7\u00f5es di\u00e1rias nas redes sociais. Desde a derrota no 2\u00b0 turno, ele s\u00f3 se manifestou em seus perfis oficiais oito vezes. Menos de uma postagem por dia. Bolsonaro s\u00f3 gravou um v\u00eddeo no dia 2 de novembro pedindo que bolsonaristas desbloqueassem as estradas.<\/p>\n\n\n\n<figure class=\"wp-block-image size-full\"><img loading=\"lazy\" decoding=\"async\" width=\"418\" height=\"314\" src=\"https:\/\/blogdorogeriogomes.com.br\/wp-content\/uploads\/2022\/11\/IMG-20221111-WA0000.jpg\" alt=\"\" class=\"wp-image-27465\" srcset=\"https:\/\/blogdorogeriogomes.com.br\/noticias\/wp-content\/uploads\/2022\/11\/IMG-20221111-WA0000.jpg 418w, https:\/\/blogdorogeriogomes.com.br\/noticias\/wp-content\/uploads\/2022\/11\/IMG-20221111-WA0000-300x225.jpg 300w, https:\/\/blogdorogeriogomes.com.br\/noticias\/wp-content\/uploads\/2022\/11\/IMG-20221111-WA0000-400x300.jpg 400w\" sizes=\"auto, (max-width: 418px) 100vw, 418px\" \/><\/figure>\n","protected":false},"excerpt":{"rendered":"<p>A Pol\u00edcia Federal recebeu pedido do Minist\u00e9rio P\u00fablico Federal e abriu inqu\u00e9rito para investigar as a\u00e7\u00f5es de Silvinei Vasques, diretor-geral da Pol\u00edcia Rodovi\u00e1ria Federal (PRF), em rela\u00e7\u00e3o aos protestos de apoiadores do atual presidente Jair Bolsonaro (PL) contra os resultados das elei\u00e7\u00f5es de 2022. Silvinei \u00e9 acusado de prevaricar ao n\u00e3o tomar provid\u00eancias contra os bloqueios nas BRs de todo o pa\u00eds, feito por bolsonaristas insatisfeitos com a vit\u00f3ria de Lula.Ap\u00f3s o relat\u00f3rio das For\u00e7as Armadas, que n\u00e3o apontou&hellip;<\/p>\n","protected":false},"author":1,"featured_media":27465,"comment_status":"open","ping_status":"open","sticky":false,"template":"","format":"standard","meta":{"footnotes":""},"categories":[1],"tags":[],"class_list":["post-27464","post","type-post","status-publish","format-standard","has-post-thumbnail","hentry","category-noticias"],"_links":{"self":[{"href":"https:\/\/blogdorogeriogomes.com.br\/noticias\/wp-json\/wp\/v2\/posts\/27464","targetHints":{"allow":["GET"]}}],"collection":[{"href":"https:\/\/blogdorogeriogomes.com.br\/noticias\/wp-json\/wp\/v2\/posts"}],"about":[{"href":"https:\/\/blogdorogeriogomes.com.br\/noticias\/wp-json\/wp\/v2\/types\/post"}],"author":[{"embeddable":true,"href":"https:\/\/blogdorogeriogomes.com.br\/noticias\/wp-json\/wp\/v2\/users\/1"}],"replies":[{"embeddable":true,"href":"https:\/\/blogdorogeriogomes.com.br\/noticias\/wp-json\/wp\/v2\/comments?post=27464"}],"version-history":[{"count":1,"href":"https:\/\/blogdorogeriogomes.com.br\/noticias\/wp-json\/wp\/v2\/posts\/27464\/revisions"}],"predecessor-version":[{"id":27466,"href":"https:\/\/blogdorogeriogomes.com.br\/noticias\/wp-json\/wp\/v2\/posts\/27464\/revisions\/27466"}],"wp:featuredmedia":[{"embeddable":true,"href":"https:\/\/blogdorogeriogomes.com.br\/noticias\/wp-json\/wp\/v2\/media\/27465"}],"wp:attachment":[{"href":"https:\/\/blogdorogeriogomes.com.br\/noticias\/wp-json\/wp\/v2\/media?parent=27464"}],"wp:term":[{"taxonomy":"category","embeddable":true,"href":"https:\/\/blogdorogeriogomes.com.br\/noticias\/wp-json\/wp\/v2\/categories?post=27464"},{"taxonomy":"post_tag","embeddable":true,"href":"https:\/\/blogdorogeriogomes.com.br\/noticias\/wp-json\/wp\/v2\/tags?post=27464"}],"curies":[{"name":"wp","href":"https:\/\/api.w.org\/{rel}","templated":true}]}}