{"id":27473,"date":"2022-11-12T14:44:29","date_gmt":"2022-11-12T14:44:29","guid":{"rendered":"https:\/\/blogdorogeriogomes.com.br\/?p=27473"},"modified":"2022-11-14T14:23:33","modified_gmt":"2022-11-14T14:23:33","slug":"comite-estadual-de-enfrentamento-a-covid-19-recomenda-que-as-pessoas-concluam-o-esquema-vacinal","status":"publish","type":"post","link":"https:\/\/blogdorogeriogomes.com.br\/noticias\/2022\/11\/comite-estadual-de-enfrentamento-a-covid-19-recomenda-que-as-pessoas-concluam-o-esquema-vacinal\/","title":{"rendered":"Comit\u00ea Estadual de Enfrentamento \u00e0 Covid-19 recomenda que as pessoas concluam o esquema vacinal"},"content":{"rendered":"\n<p>A Secretaria de Sa\u00fade do Cear\u00e1 (Sesa) atesta que o Estado tem hoje 11 casos da Covid-19, provocados pela nova subvariante BQ.1. S\u00e3o 10 casos em Fortaleza e um no Eus\u00e9bio. Na sexta-feira, dia 11 de novembro, o Comit\u00ea Estadual de Enfrentamento \u00e0 Pandemia, se reuniu no Pal\u00e1cio da Aboli\u00e7\u00e3o, sob a coordena\u00e7\u00e3o da governadora em exerc\u00edcio, a desembargadora Maria Nailde Pinheiro Nogueira.<br>A avalia\u00e7\u00e3o da Sesa \u00e9 que o Cear\u00e1 vem apresentando um aumento no n\u00famero de casos, mas n\u00e3o h\u00e1 motivo para alarme. De acordo com os especialistas em sa\u00fade, neste momento, o principal cuidado a ser tomada \u00e9 completar o esquema vacinal.<br>Com a queda de casos de coronav\u00edrus registrada nos \u00faltimos meses, muitas pessoas deixaram de ir aos postos tomar as doses de refor\u00e7o.<br>H\u00e1 doses de vacina dispon\u00edveis nos postos de sa\u00fade. E em caso de apresentar sintomas, a ordem \u00e9 procurar atendimento m\u00e9dico.<\/p>\n\n\n\n<figure class=\"wp-block-image size-large\"><img loading=\"lazy\" decoding=\"async\" width=\"1024\" height=\"684\" src=\"https:\/\/blogdorogeriogomes.com.br\/wp-content\/uploads\/2022\/11\/IMG-20221112-WA0003-1024x684.jpg\" alt=\"\" class=\"wp-image-27474\" srcset=\"https:\/\/blogdorogeriogomes.com.br\/noticias\/wp-content\/uploads\/2022\/11\/IMG-20221112-WA0003-1024x684.jpg 1024w, https:\/\/blogdorogeriogomes.com.br\/noticias\/wp-content\/uploads\/2022\/11\/IMG-20221112-WA0003-300x201.jpg 300w, https:\/\/blogdorogeriogomes.com.br\/noticias\/wp-content\/uploads\/2022\/11\/IMG-20221112-WA0003-768x513.jpg 768w, https:\/\/blogdorogeriogomes.com.br\/noticias\/wp-content\/uploads\/2022\/11\/IMG-20221112-WA0003-800x535.jpg 800w, https:\/\/blogdorogeriogomes.com.br\/noticias\/wp-content\/uploads\/2022\/11\/IMG-20221112-WA0003.jpg 1200w\" sizes=\"auto, (max-width: 1024px) 100vw, 1024px\" \/><\/figure>\n","protected":false},"excerpt":{"rendered":"<p>A Secretaria de Sa\u00fade do Cear\u00e1 (Sesa) atesta que o Estado tem hoje 11 casos da Covid-19, provocados pela nova subvariante BQ.1. S\u00e3o 10 casos em Fortaleza e um no Eus\u00e9bio. Na sexta-feira, dia 11 de novembro, o Comit\u00ea Estadual de Enfrentamento \u00e0 Pandemia, se reuniu no Pal\u00e1cio da Aboli\u00e7\u00e3o, sob a coordena\u00e7\u00e3o da governadora em exerc\u00edcio, a desembargadora Maria Nailde Pinheiro Nogueira.A avalia\u00e7\u00e3o da Sesa \u00e9 que o Cear\u00e1 vem apresentando um aumento no n\u00famero de casos, mas&hellip;<\/p>\n","protected":false},"author":1,"featured_media":27474,"comment_status":"open","ping_status":"open","sticky":false,"template":"","format":"standard","meta":{"footnotes":""},"categories":[1],"tags":[],"class_list":["post-27473","post","type-post","status-publish","format-standard","has-post-thumbnail","hentry","category-noticias"],"_links":{"self":[{"href":"https:\/\/blogdorogeriogomes.com.br\/noticias\/wp-json\/wp\/v2\/posts\/27473","targetHints":{"allow":["GET"]}}],"collection":[{"href":"https:\/\/blogdorogeriogomes.com.br\/noticias\/wp-json\/wp\/v2\/posts"}],"about":[{"href":"https:\/\/blogdorogeriogomes.com.br\/noticias\/wp-json\/wp\/v2\/types\/post"}],"author":[{"embeddable":true,"href":"https:\/\/blogdorogeriogomes.com.br\/noticias\/wp-json\/wp\/v2\/users\/1"}],"replies":[{"embeddable":true,"href":"https:\/\/blogdorogeriogomes.com.br\/noticias\/wp-json\/wp\/v2\/comments?post=27473"}],"version-history":[{"count":1,"href":"https:\/\/blogdorogeriogomes.com.br\/noticias\/wp-json\/wp\/v2\/posts\/27473\/revisions"}],"predecessor-version":[{"id":27475,"href":"https:\/\/blogdorogeriogomes.com.br\/noticias\/wp-json\/wp\/v2\/posts\/27473\/revisions\/27475"}],"wp:featuredmedia":[{"embeddable":true,"href":"https:\/\/blogdorogeriogomes.com.br\/noticias\/wp-json\/wp\/v2\/media\/27474"}],"wp:attachment":[{"href":"https:\/\/blogdorogeriogomes.com.br\/noticias\/wp-json\/wp\/v2\/media?parent=27473"}],"wp:term":[{"taxonomy":"category","embeddable":true,"href":"https:\/\/blogdorogeriogomes.com.br\/noticias\/wp-json\/wp\/v2\/categories?post=27473"},{"taxonomy":"post_tag","embeddable":true,"href":"https:\/\/blogdorogeriogomes.com.br\/noticias\/wp-json\/wp\/v2\/tags?post=27473"}],"curies":[{"name":"wp","href":"https:\/\/api.w.org\/{rel}","templated":true}]}}